{"id":227139,"date":"2025-03-07T21:08:42","date_gmt":"2025-03-08T00:08:42","guid":{"rendered":"https:\/\/diarioregionaldigital.com.br\/?p=227139"},"modified":"2025-03-07T21:08:42","modified_gmt":"2025-03-08T00:08:42","slug":"governo-de-minas-anuncia-r-7-milhoes-para-restauracao-de-mais-um-predio-escolar-centenario","status":"publish","type":"post","link":"https:\/\/diarioregionaldigital.com.br\/?p=227139","title":{"rendered":"Governo de Minas anuncia R$ 7 milh\u00f5es para restaura\u00e7\u00e3o de mais um pr\u00e9dio escolar centen\u00e1rio"},"content":{"rendered":"<p>A Escola Estadual Afonso Pena, um dos marcos da funda\u00e7\u00e3o de Belo Horizonte, ter\u00e1 seu edif\u00edcio completamente restaurado pelo\u00a0<a href=\"https:\/\/www.mg.gov.br\/\" target=\"_blank\" rel=\"noopener\">Governo de Minas<\/a>, em uma obra que receber\u00e1 R$ 7 milh\u00f5es de investimentos da\u00a0<a href=\"https:\/\/www.educacao.mg.gov.br\/\" target=\"_blank\" rel=\"noopener\">Secretaria de Estado de Educa\u00e7\u00e3o de Minas Gerais (SEE\/MG)<\/a>\u00a0e ser\u00e1 conduzida pela\u00a0<a href=\"http:\/\/www.infraestrutura.mg.gov.br\/\" target=\"_blank\" rel=\"noopener\">Secretaria de Estado de Infraestrutura, Mobilidade e Parcerias de Minas Gerais (Seinfra)<\/a>.<\/p>\n<p>A revitaliza\u00e7\u00e3o preservar\u00e1 as caracter\u00edsticas hist\u00f3ricas do pr\u00e9dio, ao mesmo tempo em que garantir\u00e1 melhorias estruturais, acessibilidade e conforto para estudantes e servidores da educa\u00e7\u00e3o. A restaura\u00e7\u00e3o da escola se soma aos esfor\u00e7os do Estado para preservar o patrim\u00f4nio hist\u00f3rico e, ao mesmo tempo, modernizar a infraestrutura das escolas estaduais.<\/p>\n<p>Entre 2019 e 2024, j\u00e1 foram revitalizadas 166 unidades de ensino, com investimentos de R$ 85,7 milh\u00f5es, garantindo que pr\u00e9dios centen\u00e1rios sejam mantidos a servi\u00e7o da educa\u00e7\u00e3o mineira, sem perder sua identidade cultural.<\/p>\n<p>O Instituto de Educa\u00e7\u00e3o de Minas Gerais (IEMG), as escolas estaduais Paula Rocha, em Sabar\u00e1, Coronel Paiva, em Ouro Fino, e Delfim Moreira que, ap\u00f3s uma d\u00e9cada, reabriu as portas do Palacete Santa Mafalda, em Juiz de Fora, s\u00e3o exemplos de escolas totalmente revitalizadas e entregues \u00e0s comunidades durante a atual gest\u00e3o.<\/p>\n<p>O vice-governador Professor Mateus ressalta\u00a0a import\u00e2ncia das a\u00e7\u00f5es de investimento em infraestrutura e na qualidade do ensino da atual gest\u00e3o para a melhoria da educa\u00e7\u00e3o em Minas.\u00a0&#8220;Nossa gest\u00e3o tem uma preocupa\u00e7\u00e3o especial com a educa\u00e7\u00e3o dos mineiros, a exemplo dos nossos investimentos recordes em infraestrutura, na qualidade do ensino e da merenda, e nos programas inovadores, como o Trilhas de Futuro&#8221;, diz.<\/p>\n<table border=\"0\" cellspacing=\"1\" cellpadding=\"1\" align=\"center\">\n<tbody>\n<tr>\n<td colspan=\"5\"><img decoding=\"async\" src=\"https:\/\/www.agenciaminas.mg.gov.br\/ckeditor_assets\/pictures\/20949\/content_2_olho_topo.jpg\" alt=\"\" \/><\/td>\n<\/tr>\n<tr>\n<td><\/td>\n<td colspan=\"3\" rowspan=\"3\">\n<h1><strong>&#8220;Os pr\u00e9dios hist\u00f3ricos que abrigam escolas estaduais s\u00e3o um patrim\u00f4nio de todo o estado e nosso dever \u00e9 preservar essa hist\u00f3ria. A reforma da Escola Estadual Afonso Pena se soma a outras tantas unidades que receberam e est\u00e3o recebendo esse cuidado em Minas&#8221;, destaca Professor Mateus.\u00a0<\/strong><\/h1>\n<\/td>\n<td><\/td>\n<\/tr>\n<tr>\n<td><\/td>\n<td><\/td>\n<\/tr>\n<tr>\n<td><\/td>\n<td><\/td>\n<\/tr>\n<tr>\n<td colspan=\"5\"><img decoding=\"async\" src=\"https:\/\/www.agenciaminas.mg.gov.br\/ckeditor_assets\/pictures\/20950\/content_2_olho_inferior.jpg\" alt=\"\" \/><\/td>\n<\/tr>\n<\/tbody>\n<\/table>\n<p><strong>Hist\u00f3ria preservada<\/strong><\/p>\n<p>Inaugurado em 1897, o edif\u00edcio foi inicialmente projetado para ser a resid\u00eancia do Secret\u00e1rio de Estado do Interior, cargo p\u00fablico existente \u00e0quela \u00e9poca. Em 1906, passou a abrigar o Primeiro Grupo Escolar de Belo Horizonte e, em 1914, foi denominado Grupo Escolar Afonso Pena. O pr\u00e9dio foi tombado pelo Estado em 1983 e pelo munic\u00edpio em 1994, sendo um dos patrim\u00f4nios mais importantes da capital mineira.<\/p>\n<table border=\"0\" cellspacing=\"1\" cellpadding=\"1\" align=\"center\">\n<tbody>\n<tr>\n<td colspan=\"5\"><img decoding=\"async\" src=\"https:\/\/www.agenciaminas.mg.gov.br\/ckeditor_assets\/pictures\/20949\/content_2_olho_topo.jpg\" alt=\"\" \/><\/td>\n<\/tr>\n<tr>\n<td><\/td>\n<td colspan=\"3\" rowspan=\"3\">\n<h1><strong>&#8220;Nosso objetivo \u00e9 manter a identidade arquitet\u00f4nica do pr\u00e9dio, mas tamb\u00e9m oferecer mais conforto, seguran\u00e7a e acessibilidade&#8221;, pontua o secret\u00e1rio de Estado de Educa\u00e7\u00e3o, Igor de Alvarenga.<\/strong><\/h1>\n<\/td>\n<td><\/td>\n<\/tr>\n<tr>\n<td><\/td>\n<td><\/td>\n<\/tr>\n<tr>\n<td><\/td>\n<td><\/td>\n<\/tr>\n<tr>\n<td colspan=\"5\"><img decoding=\"async\" src=\"https:\/\/www.agenciaminas.mg.gov.br\/ckeditor_assets\/pictures\/20950\/content_2_olho_inferior.jpg\" alt=\"\" \/><\/td>\n<\/tr>\n<\/tbody>\n<\/table>\n<p>Ele aponta ainda que a restaura\u00e7\u00e3o atende a uma demanda antiga da comunidade escolar. &#8220;Essa obra \u00e9 esperada h\u00e1 anos. Priorizamos esse projeto desde o ano passado, juntamente com o governador Romeu Zema e o vice-governador Professor Mateus. \u00c9 um presente para a comunidade escolar e para Belo Horizonte&#8221;, afirma.<\/p>\n<p>O recurso de R$ 7 milh\u00f5es j\u00e1 est\u00e1 reservado no or\u00e7amento da SEE\/MG e poder\u00e1 ser ampliado se houver necessidade. A reforma ser\u00e1 realizada por empresas especializadas na restaura\u00e7\u00e3o de edif\u00edcios tombados e as obras est\u00e3o previstas para come\u00e7ar em agosto deste ano.<\/p>\n<p><strong>Revitaliza\u00e7\u00e3o<\/strong><\/p>\n<p>A escola atende atualmente cerca de 830 estudantes, a maioria vinda de bairros como Taquaril, Alto Vera Cruz, Serra e dos munic\u00edpios de Sabar\u00e1 e Nova Lima, na Regi\u00e3o Metropolitana de Belo Horizonte (RMBH). Durante a reforma, os estudantes ser\u00e3o transferidos para um anexo da Escola Estadual Central, garantindo a continuidade das atividades letivas sem preju\u00edzo ao aprendizado.<\/p>\n<p>A obra resolver\u00e1 problemas estruturais como infiltra\u00e7\u00f5es e pintura, al\u00e9m de modernizar os espa\u00e7os internos e adequar os meios de acessibilidade no local. \u201cSempre lutamos por uma grande reforma e agora esse sonho ser\u00e1 realidade. Isso trar\u00e1 um novo f\u00f4lego para a escola&#8221;, afirma o diretor da E. E. Afonso Pena, Orlando Almeida.<\/p>\n<figure class=\"image\"><img decoding=\"async\" src=\"https:\/\/www.agenciaminas.mg.gov.br\/ckeditor_assets\/pictures\/22549\/content_estudantes_da_ee_afonso_pena_kauany_gomes_alice_cristina_e_maria_julia01.jpg\" alt=\"\" \/><figcaption><em><sub>Maria J\u00falia (\u00e0 dir.) espera melhorias (SEE\/MG \/ Divulga\u00e7\u00e3o)<\/sub><\/em><\/figcaption><\/figure>\n<p>Trabalhando na escola h\u00e1 23 anos, a servidora Carla Costa conta que o edif\u00edcio n\u00e3o passou por grandes reformas neste per\u00edodo, o que resultou em desgastes. &#8220;Percebemos\u00a0 problemas nas paredes, pisos, portas e janelas deterioradas&#8221;, cita.<\/p>\n<p>Para a estudante do 9\u00ba ano, Maria J\u00falia Rodrigues, de 14 anos, estudar em uma escola que faz parte da hist\u00f3ria do estado \u00e9 gratificante, mas a jovem tem expectativas de melhorias. \u201cGostaria de salas mais frescas e tamb\u00e9m acho importante acessibilidade para os colegas que t\u00eam defici\u00eancia\u201d, pontua.<\/p>\n<p><strong>Modernos Eternos 2025<\/strong><\/p>\n<p>Antes do in\u00edcio das obras, a Escola Estadual Afonso Pena receber\u00e1 outro presente em 2025. Reconhecida como um emblema do patrim\u00f4nio hist\u00f3rico e cultural de Minas Gerais, a institui\u00e7\u00e3o foi escolhida para sediar a 10\u00aa edi\u00e7\u00e3o da mostra &#8220;Modernos Eternos BH 2025&#8221;.\u00a0 Neste ano, o evento cultural acontece de 24\/6 a 20\/7.<\/p>\n<p>Fonte: Ag\u00eancia Minas<\/p>\n","protected":false},"excerpt":{"rendered":"<p>A Escola Estadual Afonso Pena, um dos marcos da funda\u00e7\u00e3o de Belo Horizonte, ter\u00e1 seu edif\u00edcio completamente restaurado pelo\u00a0Governo de Minas, em uma obra que receber\u00e1 R$ 7 milh\u00f5es de investimentos da\u00a0Secretaria de Estado de Educa\u00e7\u00e3o de Minas Gerais (SEE\/MG)\u00a0e ser\u00e1 conduzida pela\u00a0Secretaria de Estado de Infraestrutura, Mobilidade e Parcerias de Minas Gerais (Seinfra). A [&hellip;]<\/p>\n","protected":false},"author":246,"featured_media":227140,"comment_status":"closed","ping_status":"closed","sticky":false,"template":"","format":"standard","meta":{"footnotes":""},"categories":[436,254,439],"tags":[],"class_list":["post-227139","post","type-post","status-publish","format-standard","has-post-thumbnail","hentry","category-destaque-da-semana","category-politica","category-ultima-hora"],"_links":{"self":[{"href":"https:\/\/diarioregionaldigital.com.br\/index.php?rest_route=\/wp\/v2\/posts\/227139","targetHints":{"allow":["GET"]}}],"collection":[{"href":"https:\/\/diarioregionaldigital.com.br\/index.php?rest_route=\/wp\/v2\/posts"}],"about":[{"href":"https:\/\/diarioregionaldigital.com.br\/index.php?rest_route=\/wp\/v2\/types\/post"}],"author":[{"embeddable":true,"href":"https:\/\/diarioregionaldigital.com.br\/index.php?rest_route=\/wp\/v2\/users\/246"}],"replies":[{"embeddable":true,"href":"https:\/\/diarioregionaldigital.com.br\/index.php?rest_route=%2Fwp%2Fv2%2Fcomments&post=227139"}],"version-history":[{"count":1,"href":"https:\/\/diarioregionaldigital.com.br\/index.php?rest_route=\/wp\/v2\/posts\/227139\/revisions"}],"predecessor-version":[{"id":227141,"href":"https:\/\/diarioregionaldigital.com.br\/index.php?rest_route=\/wp\/v2\/posts\/227139\/revisions\/227141"}],"wp:featuredmedia":[{"embeddable":true,"href":"https:\/\/diarioregionaldigital.com.br\/index.php?rest_route=\/wp\/v2\/media\/227140"}],"wp:attachment":[{"href":"https:\/\/diarioregionaldigital.com.br\/index.php?rest_route=%2Fwp%2Fv2%2Fmedia&parent=227139"}],"wp:term":[{"taxonomy":"category","embeddable":true,"href":"https:\/\/diarioregionaldigital.com.br\/index.php?rest_route=%2Fwp%2Fv2%2Fcategories&post=227139"},{"taxonomy":"post_tag","embeddable":true,"href":"https:\/\/diarioregionaldigital.com.br\/index.php?rest_route=%2Fwp%2Fv2%2Ftags&post=227139"}],"curies":[{"name":"wp","href":"https:\/\/api.w.org\/{rel}","templated":true}]}}