{"id":227136,"date":"2025-03-07T21:05:43","date_gmt":"2025-03-08T00:05:43","guid":{"rendered":"https:\/\/diarioregionaldigital.com.br\/?p=227136"},"modified":"2025-03-07T21:07:04","modified_gmt":"2025-03-08T00:07:04","slug":"valor-bruto-da-producao-agropecuaria-mineira-tem-estimativa-de-crescimento-maior-que-o-nacional-em-2025","status":"publish","type":"post","link":"https:\/\/diarioregionaldigital.com.br\/?p=227136","title":{"rendered":"Valor Bruto da Produ\u00e7\u00e3o agropecu\u00e1ria mineira tem estimativa de crescimento maior que o nacional em 2025"},"content":{"rendered":"<p>O Valor Bruto da Produ\u00e7\u00e3o (VBP) agropecu\u00e1ria mineira deve alcan\u00e7ar R$ 167,5 bilh\u00f5es em 2025, com crescimento de 13,6% em rela\u00e7\u00e3o ao ano anterior. A proje\u00e7\u00e3o de crescimento do VBP estadual, calculada com os dados de janeiro, \u00e9 maior do que a prevista no pa\u00eds, que deve ter acr\u00e9scimo de 11% e chegar a R$ 1,4 trilh\u00e3o.<\/p>\n<p>O indicador \u00e9 uma estimativa da gera\u00e7\u00e3o de renda no meio rural, realizada pelo Minist\u00e9rio da Agricultura e Pecu\u00e1ria, com dados do Instituto Brasileiro de Geografia e Estat\u00edstica (IBGE), da Companhia Nacional de Abastecimento (Conab) e do Centro de Estudos Avan\u00e7ados em Economia Aplicada (Cepea\/USP).<\/p>\n<p><b>Lavouras<\/b><\/p>\n<p>Esse bom desempenho \u00e9 puxado pelo segmento das lavouras, que deve alcan\u00e7ar R$ 113,3 bilh\u00f5es no ano, com aumento de 17% no ano. Sozinho, este setor representa 68% do faturamento do setor agropecu\u00e1rio mineiro.<\/p>\n<p>\u201cA alta no rendimento em algumas culturas \u00e9 fator determinante para esse resultado, especialmente o caf\u00e9 que registrou alta de 45%&#8221;, detalha o secret\u00e1rio de\u00a0<a href=\"https:\/\/www.mg.gov.br\/agricultura\" target=\"_blank\" rel=\"noopener\">Agricultura, Pecu\u00e1ria e Abastecimento<\/a>, Thales Fernandes.<\/p>\n<p>Dentro deste segmento tamb\u00e9m est\u00e3o em alta a laranja (46%), arroz (45%), algod\u00e3o (16%), milho (15%), soja (9%), trigo (4%), cana-de-a\u00e7\u00facar (1%), uva (1%). Juntos com o caf\u00e9, esses produtos corresponderam a 92,1% do faturamento total das lavouras.<\/p>\n<p><b>Pecu\u00e1ria<\/b><\/p>\n<p>O VBP do segmento pecu\u00e1rio deve alcan\u00e7ar R$ 54,2 bilh\u00f5es (32% da receita total), com aumento de 7,3%. O desempenho \u00e9 puxado pelo setor de bovinos, previsto em R$ 19,2 bilh\u00f5es, com aumento de 21,8% em rela\u00e7\u00e3o ao ano anterior. O segmento de frangos deve alcan\u00e7ar R$ 8,5 bilh\u00f5es (6,5%) e o de leite deve registar R$ 17,7 bilh\u00f5es (0,3%).\u00a0leite. Su\u00ednos e ovos registraram queda de 3,2% e 6,3%, alcan\u00e7ando R$ 6,7 bilh\u00f5es e R$ 2,1 bilh\u00f5es, respectivamente.<\/p>\n<p>Fonte: Ag\u00eancia Minas<\/p>\n","protected":false},"excerpt":{"rendered":"<p>O Valor Bruto da Produ\u00e7\u00e3o (VBP) agropecu\u00e1ria mineira deve alcan\u00e7ar R$ 167,5 bilh\u00f5es em 2025, com crescimento de 13,6% em rela\u00e7\u00e3o ao ano anterior. A proje\u00e7\u00e3o de crescimento do VBP estadual, calculada com os dados de janeiro, \u00e9 maior do que a prevista no pa\u00eds, que deve ter acr\u00e9scimo de 11% e chegar a R$ [&hellip;]<\/p>\n","protected":false},"author":246,"featured_media":227137,"comment_status":"closed","ping_status":"closed","sticky":false,"template":"","format":"standard","meta":{"footnotes":""},"categories":[436,261,439],"tags":[],"class_list":["post-227136","post","type-post","status-publish","format-standard","has-post-thumbnail","hentry","category-destaque-da-semana","category-economia","category-ultima-hora"],"_links":{"self":[{"href":"https:\/\/diarioregionaldigital.com.br\/index.php?rest_route=\/wp\/v2\/posts\/227136","targetHints":{"allow":["GET"]}}],"collection":[{"href":"https:\/\/diarioregionaldigital.com.br\/index.php?rest_route=\/wp\/v2\/posts"}],"about":[{"href":"https:\/\/diarioregionaldigital.com.br\/index.php?rest_route=\/wp\/v2\/types\/post"}],"author":[{"embeddable":true,"href":"https:\/\/diarioregionaldigital.com.br\/index.php?rest_route=\/wp\/v2\/users\/246"}],"replies":[{"embeddable":true,"href":"https:\/\/diarioregionaldigital.com.br\/index.php?rest_route=%2Fwp%2Fv2%2Fcomments&post=227136"}],"version-history":[{"count":1,"href":"https:\/\/diarioregionaldigital.com.br\/index.php?rest_route=\/wp\/v2\/posts\/227136\/revisions"}],"predecessor-version":[{"id":227138,"href":"https:\/\/diarioregionaldigital.com.br\/index.php?rest_route=\/wp\/v2\/posts\/227136\/revisions\/227138"}],"wp:featuredmedia":[{"embeddable":true,"href":"https:\/\/diarioregionaldigital.com.br\/index.php?rest_route=\/wp\/v2\/media\/227137"}],"wp:attachment":[{"href":"https:\/\/diarioregionaldigital.com.br\/index.php?rest_route=%2Fwp%2Fv2%2Fmedia&parent=227136"}],"wp:term":[{"taxonomy":"category","embeddable":true,"href":"https:\/\/diarioregionaldigital.com.br\/index.php?rest_route=%2Fwp%2Fv2%2Fcategories&post=227136"},{"taxonomy":"post_tag","embeddable":true,"href":"https:\/\/diarioregionaldigital.com.br\/index.php?rest_route=%2Fwp%2Fv2%2Ftags&post=227136"}],"curies":[{"name":"wp","href":"https:\/\/api.w.org\/{rel}","templated":true}]}}