{"id":227133,"date":"2025-03-07T21:04:34","date_gmt":"2025-03-08T00:04:34","guid":{"rendered":"https:\/\/diarioregionaldigital.com.br\/?p=227133"},"modified":"2025-03-07T21:04:34","modified_gmt":"2025-03-08T00:04:34","slug":"saude-integral-das-mulheres-e-prioridade-para-o-governo-de-minas-gerais","status":"publish","type":"post","link":"https:\/\/diarioregionaldigital.com.br\/?p=227133","title":{"rendered":"Sa\u00fade integral das mulheres \u00e9 prioridade para o Governo de Minas Gerais"},"content":{"rendered":"<p>Na v\u00e9spera\u00a0do Dia Internacional da Mulher, celebrado neste s\u00e1bado (8\/3), o\u00a0<a href=\"https:\/\/www.mg.gov.br\/\" target=\"_blank\" rel=\"noopener\">Governo de Minas<\/a>\u00a0refor\u00e7a a import\u00e2ncia do cuidado integral \u00e0 sa\u00fade das mulheres, por meio da\u00a0<a href=\"https:\/\/www.saude.mg.gov.br\/\" target=\"_blank\" rel=\"noopener\">Secretaria Estadual de Sa\u00fade de Minas Gerais (SES-MG)<\/a>. A pasta destaca os esfor\u00e7os para garantir acolhimento, acesso e atendimento de qualidade em todas as fases da vida, com um conjunto de a\u00e7\u00f5es voltadas para preven\u00e7\u00e3o, promo\u00e7\u00e3o, tratamento e recupera\u00e7\u00e3o da sa\u00fade feminina.<\/p>\n<table border=\"0\" cellspacing=\"1\" cellpadding=\"1\" align=\"center\">\n<tbody>\n<tr>\n<td colspan=\"5\"><img decoding=\"async\" src=\"https:\/\/www.agenciaminas.mg.gov.br\/ckeditor_assets\/pictures\/20949\/content_2_olho_topo.jpg\" alt=\"\" \/><\/td>\n<\/tr>\n<tr>\n<td><\/td>\n<td colspan=\"3\" rowspan=\"3\">\n<h1><strong>&#8220;Neste 8 de mar\u00e7o, celebramos as conquistas e, acima de tudo, refor\u00e7amos o dever de continuar trabalhando para que a sa\u00fade da mulher seja prioridade. Ainda h\u00e1 desafios, mas seguimos empenhados em garantir o acesso a um cuidado de sa\u00fade digno, humanizado e de qualidade&#8221;, destaca a subsecret\u00e1ria de Redes de Aten\u00e7\u00e3o \u00e0 Sa\u00fade da SES-MG, Camila Castro.<\/strong><\/h1>\n<\/td>\n<td><\/td>\n<\/tr>\n<tr>\n<td><\/td>\n<td><\/td>\n<\/tr>\n<tr>\n<td><\/td>\n<td><\/td>\n<\/tr>\n<tr>\n<td colspan=\"5\"><img decoding=\"async\" src=\"https:\/\/www.agenciaminas.mg.gov.br\/ckeditor_assets\/pictures\/20950\/content_2_olho_inferior.jpg\" alt=\"\" \/><\/td>\n<\/tr>\n<\/tbody>\n<\/table>\n<p>A rede estadual oferece diversos servi\u00e7os espec\u00edficos para as mulheres, dispon\u00edveis a partir das Unidades B\u00e1sicas de Sa\u00fade (UBS), que s\u00e3o a porta de entrada do Sistema \u00danico de Sa\u00fade (SUS).<\/p>\n<p><strong>Mamografia acess\u00edvel e diagn\u00f3stico precoce<\/strong><\/p>\n<p>Entre as principais iniciativas voltadas para a sa\u00fade das mineiras, o Programa Cuidar na Hora Certa &#8211; Sa\u00fade Aqui Tem Pressa\u00a0busca garantir o enfrentamento ao c\u00e2ncer de mama, por meio do acesso \u00e0 mamografia para detec\u00e7\u00e3o precoce. \u201cEm 2025, o programa contar\u00e1 com um investimento de R$ 24,4 milh\u00f5es, garantindo mais efici\u00eancia e rapidez no atendimento \u00e0s mulheres mineiras. A rede conta hoje com 376 mam\u00f3grafos em opera\u00e7\u00e3o\u201d, ressalta Camila Castro.<\/p>\n<p>Mulheres de 50 a 69 anos, sem sinais da doen\u00e7a, devem fazer a mamografia de rastreamento a cada dois anos. J\u00e1 a mamografia diagn\u00f3stica \u00e9 indicada para investigar les\u00f5es suspeitas em qualquer idade, mediante solicita\u00e7\u00e3o m\u00e9dica. \u201cUm diagn\u00f3stico r\u00e1pido, seguido de um tratamento adequado, garante um progn\u00f3stico mais favor\u00e1vel\u201d, refor\u00e7a a subsecret\u00e1ria.<\/p>\n<figure class=\"image\"><img decoding=\"async\" src=\"https:\/\/www.agenciaminas.mg.gov.br\/ckeditor_assets\/pictures\/22554\/content_2025_03_07_carolsouza_fontecamilacastro_1.jpg\" alt=\"\" \/><figcaption><sub><em>Subsecret\u00e1ria de Aten\u00e7\u00e3o \u00e0 Sa\u00fade, Camila Castro (Carol Souza)<\/em><\/sub><\/figcaption><\/figure>\n<p><strong>Cuidado materno-infantil<\/strong><\/p>\n<p>O projeto Aurora visa fortalecer a aten\u00e7\u00e3o \u00e0s m\u00e3es e gestantes, garantindo informa\u00e7\u00f5es e servi\u00e7os essenciais a elas. Entre as a\u00e7\u00f5es desenvolvidas, a SES-MG publicou a linha de cuidado materno-infantil com orienta\u00e7\u00f5es aos profissionais de sa\u00fade e gestores.<\/p>\n<p>\u201cEssa linha de cuidado busca especificar como deve ser ofertada a assist\u00eancia integral e de qualidade \u00e0s mulheres, considerando o planejamento reprodutivo e sexual, o per\u00edodo grav\u00eddico puerperal e crian\u00e7as at\u00e9 o primeiro ano de vida\u201d, detalha a subsecret\u00e1ria.<\/p>\n<p><strong>Filhos de Minas<\/strong><\/p>\n<p>Em fevereiro de 2025, o Governo de Minas lan\u00e7ou o programa Filhos de Minas, voltado para a redu\u00e7\u00e3o da mortalidade materno-infantil. A a\u00e7\u00e3o incentiva gestantes\u00a0 a realizarem o acompanhamento pr\u00e9-natal e fomenta o v\u00ednculo da m\u00e3e e do rec\u00e9m-nascido na rede de Aten\u00e7\u00e3o Prim\u00e1ria \u00e0 Sa\u00fade para a continuidade do cuidado.<\/p>\n<p>Este ano, o programa prev\u00ea a distribui\u00e7\u00e3o de 38.760 kits de enxoval, com investimento de R$ 12,5 milh\u00f5es. O benef\u00edcio ser\u00e1 concedido a gestantes inscritas no Bolsa Fam\u00edlia que realizarem pelo menos cinco consultas pr\u00e9-natais at\u00e9 a 28\u00aa semana, ou sete consultas ao longo da gesta\u00e7\u00e3o em uma UBS, al\u00e9m de manterem a vacina\u00e7\u00e3o em dia.<\/p>\n<p>Minas Gerais tamb\u00e9m firmou uma parceria com a Organiza\u00e7\u00e3o Pan-Americana da Sa\u00fade (Opas), por meio da Estrat\u00e9gia Zero Morte Materna por Hemorragia, que prev\u00ea oficinas em 27 institui\u00e7\u00f5es hospitalares do estado para capacitar m\u00e9dicos e enfermeiros.<\/p>\n<p><strong>Apoio \u00e0s v\u00edtimas de viol\u00eancia<\/strong><\/p>\n<p>A SES-MG estruturou uma rede de aten\u00e7\u00e3o para garantir suporte adequado \u00e0s mulheres que sofreram viol\u00eancia sexual, oferecendo atendimento multiprofissional sem necessidade de boletim de ocorr\u00eancia.<\/p>\n<table border=\"0\" cellspacing=\"1\" cellpadding=\"1\" align=\"center\">\n<tbody>\n<tr>\n<td colspan=\"5\"><img decoding=\"async\" src=\"https:\/\/www.agenciaminas.mg.gov.br\/ckeditor_assets\/pictures\/20949\/content_2_olho_topo.jpg\" alt=\"\" \/><\/td>\n<\/tr>\n<tr>\n<td><\/td>\n<td colspan=\"3\" rowspan=\"3\">\n<h1><strong>&#8220;A Rede de Aten\u00e7\u00e3o \u00e0s V\u00edtimas de Viol\u00eancia Sexual est\u00e1 preparada para acolher e dar suporte integral. Hoje, contamos com 108 institui\u00e7\u00f5es de refer\u00eancia e um investimento de R$ 7,8 milh\u00f5es para fortalecer essa assist\u00eancia&#8221;, aponta Camila Castro.<\/strong><\/h1>\n<\/td>\n<td><\/td>\n<\/tr>\n<tr>\n<td><\/td>\n<td><\/td>\n<\/tr>\n<tr>\n<td><\/td>\n<td><\/td>\n<\/tr>\n<tr>\n<td colspan=\"5\"><img decoding=\"async\" src=\"https:\/\/www.agenciaminas.mg.gov.br\/ckeditor_assets\/pictures\/20950\/content_2_olho_inferior.jpg\" alt=\"\" \/><\/td>\n<\/tr>\n<\/tbody>\n<\/table>\n<p>Os hospitais do SUS devem prestar atendimento \u00e0s v\u00edtimas 24 horas por dia, todos os dias da semana. Para mais informa\u00e7\u00f5es sobre esse atendimento,\u00a0<a href=\"https:\/\/www.mg.gov.br\/servico\/solicitar-atendimento-medico-de-urgencia-pessoas-vitimas-de-violencia-sexual\" target=\"_blank\" rel=\"noopener\">clique aqui<\/a>.<\/p>\n<p>Fonte: Ag\u00eancia Minas<\/p>\n","protected":false},"excerpt":{"rendered":"<p>Na v\u00e9spera\u00a0do Dia Internacional da Mulher, celebrado neste s\u00e1bado (8\/3), o\u00a0Governo de Minas\u00a0refor\u00e7a a import\u00e2ncia do cuidado integral \u00e0 sa\u00fade das mulheres, por meio da\u00a0Secretaria Estadual de Sa\u00fade de Minas Gerais (SES-MG). A pasta destaca os esfor\u00e7os para garantir acolhimento, acesso e atendimento de qualidade em todas as fases da vida, com um conjunto de [&hellip;]<\/p>\n","protected":false},"author":246,"featured_media":227134,"comment_status":"closed","ping_status":"closed","sticky":false,"template":"","format":"standard","meta":{"footnotes":""},"categories":[440,261,254,439],"tags":[],"class_list":["post-227133","post","type-post","status-publish","format-standard","has-post-thumbnail","hentry","category-destaques-do-dia","category-economia","category-politica","category-ultima-hora"],"_links":{"self":[{"href":"https:\/\/diarioregionaldigital.com.br\/index.php?rest_route=\/wp\/v2\/posts\/227133","targetHints":{"allow":["GET"]}}],"collection":[{"href":"https:\/\/diarioregionaldigital.com.br\/index.php?rest_route=\/wp\/v2\/posts"}],"about":[{"href":"https:\/\/diarioregionaldigital.com.br\/index.php?rest_route=\/wp\/v2\/types\/post"}],"author":[{"embeddable":true,"href":"https:\/\/diarioregionaldigital.com.br\/index.php?rest_route=\/wp\/v2\/users\/246"}],"replies":[{"embeddable":true,"href":"https:\/\/diarioregionaldigital.com.br\/index.php?rest_route=%2Fwp%2Fv2%2Fcomments&post=227133"}],"version-history":[{"count":1,"href":"https:\/\/diarioregionaldigital.com.br\/index.php?rest_route=\/wp\/v2\/posts\/227133\/revisions"}],"predecessor-version":[{"id":227135,"href":"https:\/\/diarioregionaldigital.com.br\/index.php?rest_route=\/wp\/v2\/posts\/227133\/revisions\/227135"}],"wp:featuredmedia":[{"embeddable":true,"href":"https:\/\/diarioregionaldigital.com.br\/index.php?rest_route=\/wp\/v2\/media\/227134"}],"wp:attachment":[{"href":"https:\/\/diarioregionaldigital.com.br\/index.php?rest_route=%2Fwp%2Fv2%2Fmedia&parent=227133"}],"wp:term":[{"taxonomy":"category","embeddable":true,"href":"https:\/\/diarioregionaldigital.com.br\/index.php?rest_route=%2Fwp%2Fv2%2Fcategories&post=227133"},{"taxonomy":"post_tag","embeddable":true,"href":"https:\/\/diarioregionaldigital.com.br\/index.php?rest_route=%2Fwp%2Fv2%2Ftags&post=227133"}],"curies":[{"name":"wp","href":"https:\/\/api.w.org\/{rel}","templated":true}]}}