{"id":227126,"date":"2025-03-07T04:51:51","date_gmt":"2025-03-07T07:51:51","guid":{"rendered":"https:\/\/diarioregionaldigital.com.br\/?p=227126"},"modified":"2025-03-07T04:51:51","modified_gmt":"2025-03-07T07:51:51","slug":"edital-de-convocacao-assembleia-geral-extraordinaria-07-03-2025","status":"publish","type":"post","link":"https:\/\/diarioregionaldigital.com.br\/?p=227126","title":{"rendered":"EDITAL DE CONVOCA\u00c7\u00c3O \u2013 ASSEMBLEIA GERAL EXTRAORDIN\u00c1RIA &#8211; 07\/03\/2025"},"content":{"rendered":"<p class=\"s4\"><span class=\"s3\"><span class=\"bumpedFont15\">EDITAL DE CONVOCA\u00c7\u00c3O \u2013 ASSEMBLEIA GERAL EXTRAORDIN\u00c1RIA<\/span><\/span><\/p>\n<p class=\"s2\">\n<p class=\"s8\"><span class=\"s5\"><span class=\"bumpedFont15\">SINDICATO DOS TRABALHADORES NA INDUSTRIA DE ENERGIA EL\u00c9TRICA DE JUIZ DE FORA \u2013 STIEEJF<\/span><\/span> <span class=\"s7\"><span class=\"bumpedFont15\">convocam, na forma estatut\u00e1ria, todos os trabalhadores, empregados das empresas COMPANHIA ENERG\u00c9TICA DE MINAS GERAIS, CEMIG DISTRIBUI\u00c7\u00c3O S\/A e CEMIG GERA\u00c7\u00c3O E TRANSMISS\u00c3O S\/A, associados e interessados, na base territorial representada pelo sindicato, para comparecerem \u00e0 Assembl\u00e9ia Geral Extraordin\u00e1ria a se realizar no dia, na cidade, endere\u00e7o e hor\u00e1rio abaixo indicado. A sess\u00e3o ser\u00e1 realizada em primeira convoca\u00e7\u00e3o e na falta de qu\u00f3rum m\u00ednimo estabelecido pelo Estatuto Social, quinze minutos depois, em segunda convoca\u00e7\u00e3o, com qualquer n\u00famero de trabalhadores representados presentes, para discuss\u00e3o e delibera\u00e7\u00e3o sobre a seguinte ordem do dia:<\/span><\/span><\/p>\n<p class=\"s8\">\n<p class=\"s8\"><span class=\"s7\"><span class=\"bumpedFont15\">1 \u2013 Desfilia\u00e7\u00e3o da Federa\u00e7\u00e3o dos Trabalhadores nas Ind\u00fastria Urbanas no Estado de MG e Confedera\u00e7\u00e3o Nacional dos Trabalhadores na Ind\u00fastria;<\/span><\/span><\/p>\n<p class=\"s8\"><span class=\"s7\"><span class=\"bumpedFont15\">2 \u2013 Filia\u00e7\u00e3o na Central \u00danica dos Trabalhadores \u2013 CUT<\/span><\/span><\/p>\n<p class=\"s8\"><span class=\"s7\"><span class=\"bumpedFont15\">3 \u2013 Filia\u00e7\u00e3o na Federa\u00e7\u00e3o Regional dos Urbanit\u00e1rios do Sudeste \u2013 FRUSE;<\/span><\/span><\/p>\n<p class=\"s8\"><span class=\"s7\"><span class=\"bumpedFont15\">4 \u2013 Outros assuntos e delibera\u00e7\u00f5es decorrentes e de interesse da categoria.<\/span><\/span><\/p>\n<p class=\"s8\">\n<p class=\"s8\">\u200b<span class=\"s7\"><span class=\"bumpedFont15\">ASSEMBLEIA GERAL EXTRAORDIN\u00c1RIA <\/span><\/span><\/p>\n<p class=\"s8\">\u200b<span class=\"s7\"><span class=\"bumpedFont15\">ENDERE\u00c7O, DIA E HOR\u00c1RIO<\/span><\/span><\/p>\n<p class=\"s8\">\n<p class=\"s8\"><span class=\"s9\"><span class=\"bumpedFont15\">Dia 1<\/span><\/span><span class=\"s9\"><span class=\"bumpedFont15\">2<\/span><\/span><span class=\"s9\"><span class=\"bumpedFont15\">\/03\/2025 as 17:00 Hs \u2013 Rua Marechal Deodoro, 455\/4\u00baandar, Centro, Juiz de Fora\/MG<\/span><\/span><\/p>\n<p class=\"s8\">\n<p class=\"s8\"><span class=\"s7\"><span class=\"bumpedFont15\">Juiz de Fora, 0<\/span><\/span><span class=\"s7\"><span class=\"bumpedFont15\">7<\/span><\/span><span class=\"s7\"><span class=\"bumpedFont15\"> de mar\u00e7o de 2025<\/span><\/span><\/p>\n<p class=\"s8\">\n<p class=\"s8\">\u200b\u200b\u200b\u200b<span class=\"s7\"><span class=\"bumpedFont15\">Luciano Magela<\/span><\/span><\/p>\n<p class=\"s8\">\u200b\u200b\u200b\u200b<span class=\"s7\"><span class=\"bumpedFont15\">Presidente STIEEJF<\/span><\/span><\/p>\n","protected":false},"excerpt":{"rendered":"<p>EDITAL DE CONVOCA\u00c7\u00c3O \u2013 ASSEMBLEIA GERAL EXTRAORDIN\u00c1RIA SINDICATO DOS TRABALHADORES NA INDUSTRIA DE ENERGIA EL\u00c9TRICA DE JUIZ DE FORA \u2013 STIEEJF convocam, na forma estatut\u00e1ria, todos os trabalhadores, empregados das empresas COMPANHIA ENERG\u00c9TICA DE MINAS GERAIS, CEMIG DISTRIBUI\u00c7\u00c3O S\/A e CEMIG GERA\u00c7\u00c3O E TRANSMISS\u00c3O S\/A, associados e interessados, na base territorial representada pelo sindicato, para [&hellip;]<\/p>\n","protected":false},"author":246,"featured_media":0,"comment_status":"closed","ping_status":"closed","sticky":false,"template":"","format":"standard","meta":{"footnotes":""},"categories":[307],"tags":[],"class_list":["post-227126","post","type-post","status-publish","format-standard","hentry","category-editais"],"_links":{"self":[{"href":"https:\/\/diarioregionaldigital.com.br\/index.php?rest_route=\/wp\/v2\/posts\/227126","targetHints":{"allow":["GET"]}}],"collection":[{"href":"https:\/\/diarioregionaldigital.com.br\/index.php?rest_route=\/wp\/v2\/posts"}],"about":[{"href":"https:\/\/diarioregionaldigital.com.br\/index.php?rest_route=\/wp\/v2\/types\/post"}],"author":[{"embeddable":true,"href":"https:\/\/diarioregionaldigital.com.br\/index.php?rest_route=\/wp\/v2\/users\/246"}],"replies":[{"embeddable":true,"href":"https:\/\/diarioregionaldigital.com.br\/index.php?rest_route=%2Fwp%2Fv2%2Fcomments&post=227126"}],"version-history":[{"count":1,"href":"https:\/\/diarioregionaldigital.com.br\/index.php?rest_route=\/wp\/v2\/posts\/227126\/revisions"}],"predecessor-version":[{"id":227127,"href":"https:\/\/diarioregionaldigital.com.br\/index.php?rest_route=\/wp\/v2\/posts\/227126\/revisions\/227127"}],"wp:attachment":[{"href":"https:\/\/diarioregionaldigital.com.br\/index.php?rest_route=%2Fwp%2Fv2%2Fmedia&parent=227126"}],"wp:term":[{"taxonomy":"category","embeddable":true,"href":"https:\/\/diarioregionaldigital.com.br\/index.php?rest_route=%2Fwp%2Fv2%2Fcategories&post=227126"},{"taxonomy":"post_tag","embeddable":true,"href":"https:\/\/diarioregionaldigital.com.br\/index.php?rest_route=%2Fwp%2Fv2%2Ftags&post=227126"}],"curies":[{"name":"wp","href":"https:\/\/api.w.org\/{rel}","templated":true}]}}