{"id":227123,"date":"2025-03-07T04:49:53","date_gmt":"2025-03-07T07:49:53","guid":{"rendered":"https:\/\/diarioregionaldigital.com.br\/?p=227123"},"modified":"2025-03-07T04:49:53","modified_gmt":"2025-03-07T07:49:53","slug":"edital-convocacao-07-03-2025","status":"publish","type":"post","link":"https:\/\/diarioregionaldigital.com.br\/?p=227123","title":{"rendered":"EDITAL CONVOCA\u00c7\u00c3O &#8211; 07\/03\/2025"},"content":{"rendered":"<p>Edital de Convoca\u00e7\u00e3o<\/p>\n<p>Assembleia Geral Ordin\u00e1ria<\/p>\n<p>20\/03\/2025<\/p>\n<p>A Presidente da Uniodonto Sudeste Mineiro Cooperativa de Sa\u00fade Odontol\u00f3gica Ltda., no<\/p>\n<p>uso de suas atribui\u00e7\u00f5es que lhe confere o art. 20 do Estatuto Social, convoca os senhores<\/p>\n<p>associados a se reunirem em Assembl\u00e9ia Geral Ordin\u00e1ria a ser realizada em 20 de mar\u00e7o de<\/p>\n<p>2025 \u2013 (quinta-feira), no Hotel Serrano situado na Santa Rita, 399 \u2013 Centro \u2013 Juiz de Fora<\/p>\n<p>(MG), \u00e0s 17:00 (dezessete horas), em primeira convoca\u00e7\u00e3o, com a presen\u00e7a de 2\/3 (dois<\/p>\n<p>ter\u00e7os) do n\u00famero de associados; em segunda convoca\u00e7\u00e3o, \u00e0s 18:00 (dezoito horas) com a<\/p>\n<p>presen\u00e7a de metade e mais um associados, ou ainda, em terceira convoca\u00e7\u00e3o, \u00e0s 19:00<\/p>\n<p>(dezenove horas), com presen\u00e7a de no m\u00ednimo 10 (dez) associados para deliberarem sobre<\/p>\n<p>a seguinte ordem do dia:<\/p>\n<p>PAUTA A: AGO 1. Presta\u00e7\u00e3o de contas relativas ao exerc\u00edcio social encerrado em 31 de<\/p>\n<p>dezembro de 2024;<\/p>\n<p>2. Destina\u00e7\u00e3o das sobras ou rateio das perdas apuradas;<\/p>\n<p>3. Deliberar sobre planejamento para 2025;<\/p>\n<p>4. Fixa\u00e7\u00e3o de honor\u00e1rios para Diretoria Executiva e c\u00e9dula de presen\u00e7a para o Conselho de<\/p>\n<p>Administra\u00e7\u00e3o e Fiscal;<\/p>\n<p>5. Elei\u00e7\u00e3o dos membros do Conselho Fiscal;<\/p>\n<p>6. Reajuste da tabela de procedimentos 2025, conforme definido na Gamefica\u00e7\u00e3o;<\/p>\n<p>7. Projetos: Caf\u00e9 Cooperativo, Encontro de Especialidades e \u201cQuero Ser<\/p>\n<p>Atendido\u201d<\/p>\n<p>8. Assuntos enviados pelos canais pr\u00e9 assembleares<\/p>\n<p>9. Assuntos Gerais.<\/p>\n<p>Para os efeitos legais e estatut\u00e1rios declara-se que o n\u00famero de associados da Uniodonto<\/p>\n<p>Sudeste Mineiro nesta data \u00e9 de 196 (cento e noventa e seis) cooperados.<\/p>\n","protected":false},"excerpt":{"rendered":"<p>Edital de Convoca\u00e7\u00e3o Assembleia Geral Ordin\u00e1ria 20\/03\/2025 A Presidente da Uniodonto Sudeste Mineiro Cooperativa de Sa\u00fade Odontol\u00f3gica Ltda., no uso de suas atribui\u00e7\u00f5es que lhe confere o art. 20 do Estatuto Social, convoca os senhores associados a se reunirem em Assembl\u00e9ia Geral Ordin\u00e1ria a ser realizada em 20 de mar\u00e7o de 2025 \u2013 (quinta-feira), no [&hellip;]<\/p>\n","protected":false},"author":246,"featured_media":0,"comment_status":"closed","ping_status":"closed","sticky":false,"template":"","format":"standard","meta":{"footnotes":""},"categories":[307],"tags":[],"class_list":["post-227123","post","type-post","status-publish","format-standard","hentry","category-editais"],"_links":{"self":[{"href":"https:\/\/diarioregionaldigital.com.br\/index.php?rest_route=\/wp\/v2\/posts\/227123","targetHints":{"allow":["GET"]}}],"collection":[{"href":"https:\/\/diarioregionaldigital.com.br\/index.php?rest_route=\/wp\/v2\/posts"}],"about":[{"href":"https:\/\/diarioregionaldigital.com.br\/index.php?rest_route=\/wp\/v2\/types\/post"}],"author":[{"embeddable":true,"href":"https:\/\/diarioregionaldigital.com.br\/index.php?rest_route=\/wp\/v2\/users\/246"}],"replies":[{"embeddable":true,"href":"https:\/\/diarioregionaldigital.com.br\/index.php?rest_route=%2Fwp%2Fv2%2Fcomments&post=227123"}],"version-history":[{"count":1,"href":"https:\/\/diarioregionaldigital.com.br\/index.php?rest_route=\/wp\/v2\/posts\/227123\/revisions"}],"predecessor-version":[{"id":227124,"href":"https:\/\/diarioregionaldigital.com.br\/index.php?rest_route=\/wp\/v2\/posts\/227123\/revisions\/227124"}],"wp:attachment":[{"href":"https:\/\/diarioregionaldigital.com.br\/index.php?rest_route=%2Fwp%2Fv2%2Fmedia&parent=227123"}],"wp:term":[{"taxonomy":"category","embeddable":true,"href":"https:\/\/diarioregionaldigital.com.br\/index.php?rest_route=%2Fwp%2Fv2%2Fcategories&post=227123"},{"taxonomy":"post_tag","embeddable":true,"href":"https:\/\/diarioregionaldigital.com.br\/index.php?rest_route=%2Fwp%2Fv2%2Ftags&post=227123"}],"curies":[{"name":"wp","href":"https:\/\/api.w.org\/{rel}","templated":true}]}}