{"id":227120,"date":"2025-03-06T20:42:07","date_gmt":"2025-03-06T23:42:07","guid":{"rendered":"https:\/\/diarioregionaldigital.com.br\/?p=227120"},"modified":"2025-03-06T20:42:07","modified_gmt":"2025-03-06T23:42:07","slug":"com-quase-200-mil-pessoas-carnaval-de-jf-tem-sucesso-de-participacao-e-alegria","status":"publish","type":"post","link":"https:\/\/diarioregionaldigital.com.br\/?p=227120","title":{"rendered":"Com quase 200 mil pessoas, Carnaval de JF tem sucesso de participa\u00e7\u00e3o e alegria"},"content":{"rendered":"<p>Segundo informa\u00e7\u00f5es do site da Prefeitura de Juiz de Fora (PJF), ap\u00f3s tr\u00eas semanas intensas de festa, o Carnaval de Juiz de Fora chegou ao fim, na \u00faltima quarta-feira (5), deixando um saldo de alegria e sucesso arrebatador de p\u00fablico. Quase 200 mil pessoas vivenciaram, desde o dia 14 de fevereiro, a verdadeira ess\u00eancia do Carnaval, com uma programa\u00e7\u00e3o diversificada e inclusiva, que contou com mais de 80 blocos e variadas atra\u00e7\u00f5es espalhadas por Juiz de Fora, divertindo foli\u00f5es de todas as idades.<\/p>\n<p>A novidade dos Circuitos da\u00a0Folia deu certo e as arenas montadas na Pra\u00e7a Ant\u00f4nio Carlos e na Pra\u00e7a da Esta\u00e7\u00e3o receberam grandes shows, de artistas locais, regionais e at\u00e9 nacionais. A festa, no entanto, n\u00e3o se limitou a esses espa\u00e7os, oferecendo tamb\u00e9m divers\u00e3o em nada menos do que 20 bairros da cidade.<\/p>\n<p>\u201cO balan\u00e7o do Carnaval \u00e9 de fato muito positivo, e isso nos d\u00e1 muita esperan\u00e7a para continuar trabalhando. Nossa meta \u00e9 fazer com que o Carnaval de 2026 seja ainda melhor. O retorno da popula\u00e7\u00e3o de toda a cidade \u00e9 o que nos anima a continuar nesse caminho, recuperando a grandeza que o Carnaval de Juiz de Fora merece\u201d, afirmou o diretor-geral da Funda\u00e7\u00e3o Cultural Alfredo Ferreira Lage (Funalfa), Rog\u00e9rio de Freitas.<\/p>\n<p>Um dos maiores destaques foi o fato de que os dias de festa transcorreram quase sem incidentes, o que refor\u00e7a a qualidade da organiza\u00e7\u00e3o. Especificamente sobre a ocorr\u00eancia na Pra\u00e7a Ant\u00f4nio Carlos (PAC) na noite do \u00faltimo s\u00e1bado (1\u00b0),\u00a0<a href=\"https:\/\/www.instagram.com\/p\/DGstxyaOvcX\/?img_index=1\">a Prefeitura divulgou nota oficial\u00a0<\/a>deplorando o uso de g\u00e1s de pimenta e de viol\u00eancia desnecess\u00e1ria pela Pol\u00edcia Militar.\u00a0Esse, por\u00e9m, foi um caso \u00fanico e isolado. \u201cO Carnaval de Juiz de Fora se desenvolveu de uma forma muito positiva, maravilhosa, diversa e participativa. Foram tr\u00eas semanas de festa, com muitos cortejos, uma grande participa\u00e7\u00e3o do p\u00fablico e com quase zero problemas acontecendo. Foi um Carnaval muito bom, muito seguro e com muita participa\u00e7\u00e3o. E que ainda mostrou a for\u00e7a da cultura do tambor em Juiz de Fora\u201d, destacou o diretor-geral da Funalfa.<\/p>\n","protected":false},"excerpt":{"rendered":"<p>Segundo informa\u00e7\u00f5es do site da Prefeitura de Juiz de Fora (PJF), ap\u00f3s tr\u00eas semanas intensas de festa, o Carnaval de Juiz de Fora chegou ao fim, na \u00faltima quarta-feira (5), deixando um saldo de alegria e sucesso arrebatador de p\u00fablico. Quase 200 mil pessoas vivenciaram, desde o dia 14 de fevereiro, a verdadeira ess\u00eancia do [&hellip;]<\/p>\n","protected":false},"author":246,"featured_media":227121,"comment_status":"closed","ping_status":"closed","sticky":false,"template":"","format":"standard","meta":{"footnotes":""},"categories":[253,436,440,439],"tags":[],"class_list":["post-227120","post","type-post","status-publish","format-standard","has-post-thumbnail","hentry","category-cidade","category-destaque-da-semana","category-destaques-do-dia","category-ultima-hora"],"_links":{"self":[{"href":"https:\/\/diarioregionaldigital.com.br\/index.php?rest_route=\/wp\/v2\/posts\/227120","targetHints":{"allow":["GET"]}}],"collection":[{"href":"https:\/\/diarioregionaldigital.com.br\/index.php?rest_route=\/wp\/v2\/posts"}],"about":[{"href":"https:\/\/diarioregionaldigital.com.br\/index.php?rest_route=\/wp\/v2\/types\/post"}],"author":[{"embeddable":true,"href":"https:\/\/diarioregionaldigital.com.br\/index.php?rest_route=\/wp\/v2\/users\/246"}],"replies":[{"embeddable":true,"href":"https:\/\/diarioregionaldigital.com.br\/index.php?rest_route=%2Fwp%2Fv2%2Fcomments&post=227120"}],"version-history":[{"count":1,"href":"https:\/\/diarioregionaldigital.com.br\/index.php?rest_route=\/wp\/v2\/posts\/227120\/revisions"}],"predecessor-version":[{"id":227122,"href":"https:\/\/diarioregionaldigital.com.br\/index.php?rest_route=\/wp\/v2\/posts\/227120\/revisions\/227122"}],"wp:featuredmedia":[{"embeddable":true,"href":"https:\/\/diarioregionaldigital.com.br\/index.php?rest_route=\/wp\/v2\/media\/227121"}],"wp:attachment":[{"href":"https:\/\/diarioregionaldigital.com.br\/index.php?rest_route=%2Fwp%2Fv2%2Fmedia&parent=227120"}],"wp:term":[{"taxonomy":"category","embeddable":true,"href":"https:\/\/diarioregionaldigital.com.br\/index.php?rest_route=%2Fwp%2Fv2%2Fcategories&post=227120"},{"taxonomy":"post_tag","embeddable":true,"href":"https:\/\/diarioregionaldigital.com.br\/index.php?rest_route=%2Fwp%2Fv2%2Ftags&post=227120"}],"curies":[{"name":"wp","href":"https:\/\/api.w.org\/{rel}","templated":true}]}}