{"id":227117,"date":"2025-03-06T20:40:52","date_gmt":"2025-03-06T23:40:52","guid":{"rendered":"https:\/\/diarioregionaldigital.com.br\/?p=227117"},"modified":"2025-03-06T20:40:52","modified_gmt":"2025-03-06T23:40:52","slug":"tenis-brasil-enfrentara-a-grecia-para-voltar-a-elite-da-copa-davis","status":"publish","type":"post","link":"https:\/\/diarioregionaldigital.com.br\/?p=227117","title":{"rendered":"T\u00eanis: Brasil enfrentar\u00e1 a Gr\u00e9cia para voltar \u00e0 elite da Copa Davis"},"content":{"rendered":"<p>A Gr\u00e9cia, pa\u00eds do tenista n\u00famero 9 do mundo Stefanos Tsisipas, ser\u00e1 a advers\u00e1ria da sele\u00e7\u00e3o brasileira no Grupo Mundial I da Copa Davis,\u00a0maior torneio entre na\u00e7\u00f5es do t\u00eanis masculino. A defini\u00e7\u00e3o do rival brasileiro ocorreu nesta quinta-feira (6), ap\u00f3s sorteio realizado pela Federa\u00e7\u00e3o Internacional de T\u00eanis (ITF), em Londres. Quem vencer a disputa do Mundial I, entre os dias 12 e 14 de setembro na Gr\u00e9cia, garantir\u00e1 presen\u00e7a na primeira rodada dos\u00a0<em>qualifiers<\/em>\u00a0(fase classificat\u00f3ria) em 2026\u00a0e seguir sonhando com o t\u00edtulo\u00a0da Copa Davis na pr\u00f3xima temporada. \u00a0Al\u00e9m de Brasil e Gr\u00e9cia, a competi\u00e7\u00e3o do Grupo Mundial I ter\u00e1 outros 12 confrontos entre na\u00e7\u00f5es.<\/p>\n<p>O Brasil caiu na disputa do Grupo Mundial I por ter sido superado este ano na primeira rodada do\u00a0<em>qualifiers,<\/em>\u00a0que assegura vaga na fase principal da Copa Davis. Em fevereiro, a\u00a0sele\u00e7\u00e3o foi derrotada pela Fran\u00e7a (4 a 0), na cidade de Orleans. O Brasil foi representado por Jo\u00e3o Fonseca, Thiago Wild, Marcelo Melo, Rafael Matos e Matheus Pucinelli.<\/p>\n<blockquote><p>\u201cMais uma vez, temos que enfrentar um advers\u00e1rio fora de casa, e, infelizmente, o sorteio nos levou para longe de casa novamente. Desta vez, enfrentaremos a Gr\u00e9cia, principalmente com Stefanos Tsitsipas, que \u00e9 o grande nome da equipe. \u00c9 bem prov\u00e1vel que tamb\u00e9m vejamos os irm\u00e3os Tsitsipas, Stefanos e Petros, em a\u00e7\u00e3o. A dificuldade de jogar novamente fora \u00e9 grande, e, como sempre, o sorteio acaba nos colocando em uma situa\u00e7\u00e3o complicada. No entanto, ainda h\u00e1 bastante tempo para nos prepararmos, e estou muito otimista com o desempenho dos nossos jogadores. Vamos encarar esse desafio com toda a determina\u00e7\u00e3o e lutar pela vit\u00f3ria, mesmo longe da nossa torcida&#8221;, pontuou Jaime Oncins, capit\u00e3o da sele\u00e7\u00e3o.<\/p><\/blockquote>\n<p>Al\u00e9m de Tsitsipas, que enfrenta o paranaense Thiago Wild (91\u00ba no ranking mundial) na segunda rodada do Masters 1000 de Indian Wells nesta sexta (7), a equipe grega conta tamb\u00e9m com Stefanos Sakellaridis (452\u00b0) e Aristotelis Thanos (595\u00b0), al\u00e9m de Petros Tsitsipas (114\u00ba no ranking mundial de duplas).<\/p>\n<p>J\u00e1 a equipe Brasil dever\u00e1 entrar em quadra com o jovem carioca Jo\u00e3o Fonseca (80\u00ba), rec\u00e9m-campe\u00e3o do ATP 250 de Buenos Aires, e Thiago Wild na chave de simples;\u00a0e com a exitosa parceria do mineiro Marcelo Melo (23\u00ba) com Rafael Matos (38\u00ba) nas duplas.<\/p>\n<p>Brasil e Gr\u00e9cia j\u00e1 se se enfrentaram em 1963 e a sele\u00e7\u00e3o levou a melhor por 3 a 2, com duas vit\u00f3rias de Jos\u00e9-Edison Mandarino e uma de Ronald Barnes.<\/p>\n<p>Fonte: Ag\u00eancia Brasil<\/p>\n","protected":false},"excerpt":{"rendered":"<p>A Gr\u00e9cia, pa\u00eds do tenista n\u00famero 9 do mundo Stefanos Tsisipas, ser\u00e1 a advers\u00e1ria da sele\u00e7\u00e3o brasileira no Grupo Mundial I da Copa Davis,\u00a0maior torneio entre na\u00e7\u00f5es do t\u00eanis masculino. A defini\u00e7\u00e3o do rival brasileiro ocorreu nesta quinta-feira (6), ap\u00f3s sorteio realizado pela Federa\u00e7\u00e3o Internacional de T\u00eanis (ITF), em Londres. Quem vencer a disputa do [&hellip;]<\/p>\n","protected":false},"author":246,"featured_media":227118,"comment_status":"closed","ping_status":"closed","sticky":false,"template":"","format":"standard","meta":{"footnotes":""},"categories":[436,440,257,439],"tags":[],"class_list":["post-227117","post","type-post","status-publish","format-standard","has-post-thumbnail","hentry","category-destaque-da-semana","category-destaques-do-dia","category-esporte","category-ultima-hora"],"_links":{"self":[{"href":"https:\/\/diarioregionaldigital.com.br\/index.php?rest_route=\/wp\/v2\/posts\/227117","targetHints":{"allow":["GET"]}}],"collection":[{"href":"https:\/\/diarioregionaldigital.com.br\/index.php?rest_route=\/wp\/v2\/posts"}],"about":[{"href":"https:\/\/diarioregionaldigital.com.br\/index.php?rest_route=\/wp\/v2\/types\/post"}],"author":[{"embeddable":true,"href":"https:\/\/diarioregionaldigital.com.br\/index.php?rest_route=\/wp\/v2\/users\/246"}],"replies":[{"embeddable":true,"href":"https:\/\/diarioregionaldigital.com.br\/index.php?rest_route=%2Fwp%2Fv2%2Fcomments&post=227117"}],"version-history":[{"count":1,"href":"https:\/\/diarioregionaldigital.com.br\/index.php?rest_route=\/wp\/v2\/posts\/227117\/revisions"}],"predecessor-version":[{"id":227119,"href":"https:\/\/diarioregionaldigital.com.br\/index.php?rest_route=\/wp\/v2\/posts\/227117\/revisions\/227119"}],"wp:featuredmedia":[{"embeddable":true,"href":"https:\/\/diarioregionaldigital.com.br\/index.php?rest_route=\/wp\/v2\/media\/227118"}],"wp:attachment":[{"href":"https:\/\/diarioregionaldigital.com.br\/index.php?rest_route=%2Fwp%2Fv2%2Fmedia&parent=227117"}],"wp:term":[{"taxonomy":"category","embeddable":true,"href":"https:\/\/diarioregionaldigital.com.br\/index.php?rest_route=%2Fwp%2Fv2%2Fcategories&post=227117"},{"taxonomy":"post_tag","embeddable":true,"href":"https:\/\/diarioregionaldigital.com.br\/index.php?rest_route=%2Fwp%2Fv2%2Ftags&post=227117"}],"curies":[{"name":"wp","href":"https:\/\/api.w.org\/{rel}","templated":true}]}}