{"id":227114,"date":"2025-03-06T20:39:46","date_gmt":"2025-03-06T23:39:46","guid":{"rendered":"https:\/\/diarioregionaldigital.com.br\/?p=227114"},"modified":"2025-03-06T20:39:46","modified_gmt":"2025-03-06T23:39:46","slug":"governo-de-minas-incentiva-a-atuacao-feminina-em-pesquisas-de-ciencia-tecnologia-engenharia-e-matematica","status":"publish","type":"post","link":"https:\/\/diarioregionaldigital.com.br\/?p=227114","title":{"rendered":"Governo de Minas incentiva a atua\u00e7\u00e3o feminina em pesquisas de Ci\u00eancia, Tecnologia, Engenharia e Matem\u00e1tica"},"content":{"rendered":"<div id=\"attachment_227115\" style=\"width: 950px\" class=\"wp-caption alignnone\"><img loading=\"lazy\" decoding=\"async\" aria-describedby=\"caption-attachment-227115\" class=\"size-full wp-image-227115\" src=\"https:\/\/diarioregionaldigital.com.br\/wp-content\/uploads\/2025\/03\/politica-01.jpg\" alt=\"\" width=\"940\" height=\"350\" srcset=\"https:\/\/diarioregionaldigital.com.br\/wp-content\/uploads\/2025\/03\/politica-01.jpg 940w, https:\/\/diarioregionaldigital.com.br\/wp-content\/uploads\/2025\/03\/politica-01-300x112.jpg 300w, https:\/\/diarioregionaldigital.com.br\/wp-content\/uploads\/2025\/03\/politica-01-768x286.jpg 768w, https:\/\/diarioregionaldigital.com.br\/wp-content\/uploads\/2025\/03\/politica-01-360x134.jpg 360w\" sizes=\"auto, (max-width: 940px) 100vw, 940px\" \/><p id=\"caption-attachment-227115\" class=\"wp-caption-text\">Pesquisadora do Inatel conta com investimentos da Fapemig que impulsionaram sua carreira e destacaram a presen\u00e7a feminina na ci\u00eancia e tecnologia. Foto: Inatel \/ Ascom<\/p><\/div>\n<p>A participa\u00e7\u00e3o das mulheres nas \u00e1reas de Ci\u00eancia, Tecnologia, Engenharia e Matem\u00e1tica &#8211; em ingl\u00eas, \u00e1reas identificadas como\u00a0STEM\u00a0&#8211; tem sido constantemente incentivada pelo\u00a0<a id=\"OWA2a2d07d4-6057-c1bd-13e2-2b4b20ba8fa8\" title=\"https:\/\/www.mg.gov.br\/\" href=\"https:\/\/www.mg.gov.br\/\" target=\"_blank\" rel=\"noopener noreferrer\" data-auth=\"NotApplicable\" data-linkindex=\"1\">Governo de Minas<\/a>, por meio\u00a0<a id=\"OWA15b0e173-818e-0311-c4da-099ab6bc19a4\" title=\"https:\/\/desenvolvimento.mg.gov.br\/\" href=\"https:\/\/desenvolvimento.mg.gov.br\/\" target=\"_blank\" rel=\"noopener noreferrer\" data-auth=\"NotApplicable\" data-linkindex=\"2\">Secretaria de Estado de Desenvolvimento Econ\u00f4mico (Sede-MG)<\/a>\u00a0e da\u00a0<a id=\"OWAaca7ced7-1475-b734-8ca1-df8eef160588\" title=\"http:\/\/www.fapemig.br\/pt\/\" href=\"http:\/\/www.fapemig.br\/pt\/\" target=\"_blank\" rel=\"noopener noreferrer\" data-auth=\"NotApplicable\" data-linkindex=\"3\">Funda\u00e7\u00e3o de Amparo \u00e0 Pesquisa do Estado de Minas Gerais (Fapemig)<\/a>.<\/p>\n<p>A cientista e doutora em Engenharia de Telecomunica\u00e7\u00f5es, Vanessa Renn\u00f3, \u00e9 um dos exemplos de resultado dos investimentos. A professora e pesquisadora do Instituto Nacional de Telecomunica\u00e7\u00f5es (Inatel), contou em toda sua trajet\u00f3ria com o apoio da Sede-MG e da Fapemig.<\/p>\n<p>\u201cSem esse incentivo, talvez eu n\u00e3o tivesse seguido por esse caminho\u201d, ressalta Renn\u00f3, que foi benefici\u00e1ria das bolsas de forma\u00e7\u00e3o e p\u00f3s-gradua\u00e7\u00e3o e, atualmente, desenvolve pesquisa contemplada na chamada \u201cCi\u00eancia por Elas\u201d.<\/p>\n<p>\u201cQuando eu era estudante de gradua\u00e7\u00e3o, recebi minha primeira bolsa de inicia\u00e7\u00e3o cient\u00edfica por meio de um incentivo do Governo, fornecido pela Fapemig, e isso foi um divisor de \u00e1guas na minha vida\u201d, conta .<\/p>\n<p><strong>Desenvolvimento tecnol\u00f3gico<\/strong><\/p>\n<p>Como professora e pesquisadora da \u00e1rea de telecomunica\u00e7\u00f5es, Vanessa Renn\u00f3 desenvolve projetos voltados para o aprimoramento das redes 5G e 6G. Ela conta que o objetivo \u00e9 encontrar solu\u00e7\u00f5es que beneficiem diretamente a conectividade em \u00e1reas remotas e rurais, al\u00e9m de contribuir para o desenvolvimento de setores estrat\u00e9gicos como log\u00edstica e minera\u00e7\u00e3o.<\/p>\n<p>\u201cA nossa atua\u00e7\u00e3o aqui no estado de Minas \u00e9 muito importante, porque o estado \u00e9 enorme e tem suas peculiaridades geogr\u00e1ficas. \u00c9 um estado muito diverso em termos de economia e o nosso objetivo, com o desenvolvimento de pesquisa nas redes 5G e 6G, \u00e9 melhorar essa conectividade e trazer mais inova\u00e7\u00e3o para todos esses setores\u201d, explica.<\/p>\n<p>Por meio da chamada \u201cCi\u00eancia por Elas\u201d, Vanessa desenvolve outro projeto, junto com duas professoras do Inatel, focado no desenvolvimento de tecnologias para comunica\u00e7\u00f5es de futuras gera\u00e7\u00f5es (6G). Esse trabalho une academia, governo e empresas.<\/p>\n<p>\u201cEu vejo que estamos conseguindo fortalecer esse ecossistema com o objetivo de trazer conectividade para todos de forma universal, melhorar essa conectividade, trazer solu\u00e7\u00f5es inovadoras e aprimorar as solu\u00e7\u00f5es j\u00e1 existentes para que a gente tenha uma economia melhor\u201d, destaca a pesquisadora.<\/p>\n<p><strong>Est\u00edmulo para as \u00e1reas\u00a0STEM<\/strong><\/p>\n<p>A presen\u00e7a feminina nas \u00e1reas\u00a0STEM, segundo Renn\u00f3, \u00e9 essencial para trazer diferentes perspectivas e enriquecer o desenvolvimento cient\u00edfico. Historicamente, o crescimento dessa participa\u00e7\u00e3o tem caminhado a passos lentos. Segundo o Relat\u00f3rio Elsevier-Bori, entre 2002 e 2022, houve uma evolu\u00e7\u00e3o de 35% para 45% no n\u00famero de publica\u00e7\u00f5es assinadas por pesquisadoras brasileiras, em rela\u00e7\u00e3o ao total de publica\u00e7\u00f5es.<\/p>\n<p>A Fapemig tem investido em chamadas com foco em incentivar o aumento da participa\u00e7\u00e3o das mulheres na ci\u00eancia, uma dessas a\u00e7\u00f5es \u00e9 a chamada \u201cCi\u00eancia por Elas\u201d, que financiou pesquisas coordenadas por mulheres. Al\u00e9m disso, a Funda\u00e7\u00e3o tem testado a\u00e7\u00f5es como pontua\u00e7\u00e3o extra para projetos com a participa\u00e7\u00e3o de mulheres no grupo de pesquisa e\/ou coordena\u00e7\u00e3o e uma bolsa de forma\u00e7\u00e3o espec\u00edfica para as \u00e1reas\u00a0STEM, a ser lan\u00e7ada ainda em 2025.<\/p>\n<p>\u201cA ci\u00eancia precisa de incentivo. Desde equipamentos at\u00e9 forma\u00e7\u00e3o de novos pesquisadores, tudo depende desses investimentos. Quanto maior o apoio, maior a nossa capacidade de gerar inova\u00e7\u00e3o e impacto positivo para a sociedade\u201d, conta a pesquisadora.<\/p>\n<p>Ela destaca, ainda, que, apesar dos avan\u00e7os, h\u00e1 barreiras a serem superadas. \u201cEstamos conquistando espa\u00e7o, mas a presen\u00e7a feminina nessas \u00e1reas ainda precisa ser normalizada. Muitas meninas t\u00eam medo de escolher esse caminho por receio do julgamento ou da falta de oportunidades. Meu papel como professora e pesquisadora \u00e9 mostrar que \u00e9 poss\u00edvel, e que h\u00e1 apoio para quem deseja seguir esse rumo\u201d, conclui.<\/p>\n<p>Fonte: Ag\u00eancia Minas<\/p>\n","protected":false},"excerpt":{"rendered":"<p>A participa\u00e7\u00e3o das mulheres nas \u00e1reas de Ci\u00eancia, Tecnologia, Engenharia e Matem\u00e1tica &#8211; em ingl\u00eas, \u00e1reas identificadas como\u00a0STEM\u00a0&#8211; tem sido constantemente incentivada pelo\u00a0Governo de Minas, por meio\u00a0Secretaria de Estado de Desenvolvimento Econ\u00f4mico (Sede-MG)\u00a0e da\u00a0Funda\u00e7\u00e3o de Amparo \u00e0 Pesquisa do Estado de Minas Gerais (Fapemig). A cientista e doutora em Engenharia de Telecomunica\u00e7\u00f5es, Vanessa Renn\u00f3, \u00e9 [&hellip;]<\/p>\n","protected":false},"author":246,"featured_media":227115,"comment_status":"closed","ping_status":"closed","sticky":false,"template":"","format":"standard","meta":{"footnotes":""},"categories":[436,440,261,254,439],"tags":[],"class_list":["post-227114","post","type-post","status-publish","format-standard","has-post-thumbnail","hentry","category-destaque-da-semana","category-destaques-do-dia","category-economia","category-politica","category-ultima-hora"],"_links":{"self":[{"href":"https:\/\/diarioregionaldigital.com.br\/index.php?rest_route=\/wp\/v2\/posts\/227114","targetHints":{"allow":["GET"]}}],"collection":[{"href":"https:\/\/diarioregionaldigital.com.br\/index.php?rest_route=\/wp\/v2\/posts"}],"about":[{"href":"https:\/\/diarioregionaldigital.com.br\/index.php?rest_route=\/wp\/v2\/types\/post"}],"author":[{"embeddable":true,"href":"https:\/\/diarioregionaldigital.com.br\/index.php?rest_route=\/wp\/v2\/users\/246"}],"replies":[{"embeddable":true,"href":"https:\/\/diarioregionaldigital.com.br\/index.php?rest_route=%2Fwp%2Fv2%2Fcomments&post=227114"}],"version-history":[{"count":1,"href":"https:\/\/diarioregionaldigital.com.br\/index.php?rest_route=\/wp\/v2\/posts\/227114\/revisions"}],"predecessor-version":[{"id":227116,"href":"https:\/\/diarioregionaldigital.com.br\/index.php?rest_route=\/wp\/v2\/posts\/227114\/revisions\/227116"}],"wp:featuredmedia":[{"embeddable":true,"href":"https:\/\/diarioregionaldigital.com.br\/index.php?rest_route=\/wp\/v2\/media\/227115"}],"wp:attachment":[{"href":"https:\/\/diarioregionaldigital.com.br\/index.php?rest_route=%2Fwp%2Fv2%2Fmedia&parent=227114"}],"wp:term":[{"taxonomy":"category","embeddable":true,"href":"https:\/\/diarioregionaldigital.com.br\/index.php?rest_route=%2Fwp%2Fv2%2Fcategories&post=227114"},{"taxonomy":"post_tag","embeddable":true,"href":"https:\/\/diarioregionaldigital.com.br\/index.php?rest_route=%2Fwp%2Fv2%2Ftags&post=227114"}],"curies":[{"name":"wp","href":"https:\/\/api.w.org\/{rel}","templated":true}]}}