{"id":227105,"date":"2025-03-05T15:57:36","date_gmt":"2025-03-05T18:57:36","guid":{"rendered":"https:\/\/diarioregionaldigital.com.br\/?p=227105"},"modified":"2025-03-05T15:57:36","modified_gmt":"2025-03-05T18:57:36","slug":"vasco-e-nova-iguacu-jogam-pela-segunda-fase-da-copa-do-brasil","status":"publish","type":"post","link":"https:\/\/diarioregionaldigital.com.br\/?p=227105","title":{"rendered":"Vasco e Nova Igua\u00e7u jogam pela segunda fase da Copa do Brasil"},"content":{"rendered":"<p>Buscando a classifica\u00e7\u00e3o para a terceira fase da Copa do Brasil, o Vasco enfrenta o Nova Igua\u00e7u, a partir das 21h30 (hor\u00e1rio de Bras\u00edlia) desta quarta-feira (5) no est\u00e1dio Nilton Santos, com transmiss\u00e3o ao vivo da <strong>R\u00e1dio Nacional<\/strong>.<img decoding=\"async\" src=\"https:\/\/agenciabrasil.ebc.com.br\/ebc.png?id=1633170&amp;o=node\" \/><img decoding=\"async\" src=\"https:\/\/agenciabrasil.ebc.com.br\/ebc.gif?id=1633170&amp;o=node\" \/><\/p>\n<p>O Cruzmaltino chega \u00e0 partida\u00a0em meio aos confrontos das semifinais\u00a0do Campeonato Carioca contra o Flamengo. No primeiro compromisso contra o Rubro-Negro, o time comandado por F\u00e1bio Carille perdeu de 1 a 0. J\u00e1 a Laranja Mec\u00e2nica da Baixada est\u00e1 envolvida na disputa por um lugar na decis\u00e3o da Ta\u00e7a Rio contra o Madureira.<\/p>\n<p>Na atual edi\u00e7\u00e3o do Campeonato Carioca, Vasco e Nova Igua\u00e7u mediram for\u00e7as em uma oportunidade, que terminou com um empate de 1 a 1. Diante de um advers\u00e1rio contra o qual ainda n\u00e3o venceu em 2025, o t\u00e9cnico F\u00e1bio Carille deixou claro, em entrevista coletiva, que n\u00e3o espera facilidades: \u201c[O Nova Igua\u00e7u] \u00e9 uma equipe que fez um bom campeonato ano passado, sendo vice-campe\u00e3o [do Carioca]. Muitos jogadores do ano passado continuam, acho que sete jogadores de 2024 estavam no jogo contra o Vasco [no Carioca]. \u00c9 fazer o nosso e ter uma boa estrat\u00e9gia ofensiva e defensiva\u201d.<\/p>\n<p>Para este compromisso o Vasco n\u00e3o poder\u00e1 contar com o meio-campista Tch\u00ea Tch\u00ea, que est\u00e1 com uma les\u00e3o no joelho. Assim, o t\u00e9cnico F\u00e1bio Carille pode optar pela seguinte equipe para come\u00e7ar a partida: L\u00e9o Jardim; Paulo Henrique, Jo\u00e3o Victor, Lucas Freitas e Lucas Piton; Hugo Moura, Paulinho e Jair; Philippe Coutinho, Rayan e Vegetti.<\/p>\n<p>Fonte: Ag\u00eancia Brasil<\/p>\n","protected":false},"excerpt":{"rendered":"<p>Buscando a classifica\u00e7\u00e3o para a terceira fase da Copa do Brasil, o Vasco enfrenta o Nova Igua\u00e7u, a partir das 21h30 (hor\u00e1rio de Bras\u00edlia) desta quarta-feira (5) no est\u00e1dio Nilton Santos, com transmiss\u00e3o ao vivo da R\u00e1dio Nacional. O Cruzmaltino chega \u00e0 partida\u00a0em meio aos confrontos das semifinais\u00a0do Campeonato Carioca contra o Flamengo. No primeiro [&hellip;]<\/p>\n","protected":false},"author":246,"featured_media":227106,"comment_status":"closed","ping_status":"closed","sticky":false,"template":"","format":"standard","meta":{"footnotes":""},"categories":[436,440,257,439],"tags":[],"class_list":["post-227105","post","type-post","status-publish","format-standard","has-post-thumbnail","hentry","category-destaque-da-semana","category-destaques-do-dia","category-esporte","category-ultima-hora"],"_links":{"self":[{"href":"https:\/\/diarioregionaldigital.com.br\/index.php?rest_route=\/wp\/v2\/posts\/227105","targetHints":{"allow":["GET"]}}],"collection":[{"href":"https:\/\/diarioregionaldigital.com.br\/index.php?rest_route=\/wp\/v2\/posts"}],"about":[{"href":"https:\/\/diarioregionaldigital.com.br\/index.php?rest_route=\/wp\/v2\/types\/post"}],"author":[{"embeddable":true,"href":"https:\/\/diarioregionaldigital.com.br\/index.php?rest_route=\/wp\/v2\/users\/246"}],"replies":[{"embeddable":true,"href":"https:\/\/diarioregionaldigital.com.br\/index.php?rest_route=%2Fwp%2Fv2%2Fcomments&post=227105"}],"version-history":[{"count":1,"href":"https:\/\/diarioregionaldigital.com.br\/index.php?rest_route=\/wp\/v2\/posts\/227105\/revisions"}],"predecessor-version":[{"id":227107,"href":"https:\/\/diarioregionaldigital.com.br\/index.php?rest_route=\/wp\/v2\/posts\/227105\/revisions\/227107"}],"wp:featuredmedia":[{"embeddable":true,"href":"https:\/\/diarioregionaldigital.com.br\/index.php?rest_route=\/wp\/v2\/media\/227106"}],"wp:attachment":[{"href":"https:\/\/diarioregionaldigital.com.br\/index.php?rest_route=%2Fwp%2Fv2%2Fmedia&parent=227105"}],"wp:term":[{"taxonomy":"category","embeddable":true,"href":"https:\/\/diarioregionaldigital.com.br\/index.php?rest_route=%2Fwp%2Fv2%2Fcategories&post=227105"},{"taxonomy":"post_tag","embeddable":true,"href":"https:\/\/diarioregionaldigital.com.br\/index.php?rest_route=%2Fwp%2Fv2%2Ftags&post=227105"}],"curies":[{"name":"wp","href":"https:\/\/api.w.org\/{rel}","templated":true}]}}