{"id":227102,"date":"2025-03-05T15:53:25","date_gmt":"2025-03-05T18:53:25","guid":{"rendered":"https:\/\/diarioregionaldigital.com.br\/?p=227102"},"modified":"2025-03-05T15:53:25","modified_gmt":"2025-03-05T18:53:25","slug":"escala-de-vencimentos-da-2a-parcela-do-ipva-comeca-nesta-quinta-feira-6-3","status":"publish","type":"post","link":"https:\/\/diarioregionaldigital.com.br\/?p=227102","title":{"rendered":"Escala de vencimentos da 2\u00aa parcela do IPVA come\u00e7a nesta quinta-feira (6\/3)"},"content":{"rendered":"<p>A escala de vencimentos da segunda parcela do Imposto sobre a Propriedade de Ve\u00edculos Automotores (IPVA) 2025 come\u00e7a nesta quinta-feira (6\/3), para os finais de placas 1 e 2. A sequ\u00eancia das placas e seus respectivos dias de vencimento, podem ser conferidos na tabela:<\/p>\n<p><img decoding=\"async\" src=\"https:\/\/www.agenciaminas.mg.gov.br\/ckeditor_assets\/pictures\/22521\/content_thumbnail_vencimento_2_parcela.png\" alt=\"\" \/><\/p>\n<p>O pagamento pode ser feito via Pix, Documento de Arrecada\u00e7\u00e3o Estadual (DAE) ou diretamente nos terminais de autoatendimento, guich\u00eas e aplicativos dos agentes arrecadadores autorizados (Bradesco, Sicoob, Mercantil do Brasil, Caixa, Mais BB, Santander, Banco do Brasil e Ita\u00fa), bastando ter em m\u00e3os o n\u00famero do Renavam do ve\u00edculo.<\/p>\n<p>Quem optar por pagar via Pix precisa observar, antes de concluir a opera\u00e7\u00e3o, o nome da institui\u00e7\u00e3o emissora, Ita\u00fa Unibanco S.A ou Santander (Brasil) S.A, e o favorecido, Estado de Minas Gerais, CNPJ 18.715.615\/0001-60. Para pagamento nas casas lot\u00e9ricas, \u00e9 necess\u00e1rio apresentar o DAE.<\/p>\n<p>Tanto para gerar o QR Code do Pix quanto para emitir a guia (DAE), o contribuinte deve acessar o site da Secretaria de Estado de Fazenda de Minas Gerais (SEF\/MG), que \u00e9 <a href=\"https:\/\/www.fazenda.mg.gov.br\/\" target=\"_blank\" rel=\"noopener\">www.fazenda.mg.gov.br<\/a> ou pelo MG App.<\/p>\n<p>O n\u00e3o pagamento do imposto gera multa de 0,3% ao dia, at\u00e9 o 30\u00ba dia, e multa de 20% ap\u00f3s o 30\u00ba dia, al\u00e9m de juros calculados pela Selic.<\/p>\n<p><strong>Quem perdeu a 1\u00aa parcela<\/strong><\/p>\n<p>Quem perdeu o prazo para pagar a primeira parcela do IPVA pode efetuar o pagamento da segunda, normalmente. Com rela\u00e7\u00e3o \u00e0 parcela em atraso, o quanto antes for quitada, menos juros ser\u00e3o cobrados pelo atraso. A partir do 30\u00ba dia de atraso, \u00e9 cobrada multa de 20% sobre o valor da parcela.<\/p>\n<p><strong>Balan\u00e7o at\u00e9 o momento<\/strong><\/p>\n<p>Dados coletados at\u00e9 25\/2\u00a0apontam que foram arrecadados R$ 5,9 bilh\u00f5es em 2025, dos quais R$ 3,9 bilh\u00f5es pagos em cota \u00fanica, o que representa 66,88%.<\/p>\n<p>A expectativa de arrecada\u00e7\u00e3o com o IPVA 2025 \u00e9 de R$ 11,9 bilh\u00f5es, um incremento de R$ 1,2 bilh\u00e3o (12%) em rela\u00e7\u00e3o ao valor lan\u00e7ado em 2024.<\/p>\n<p>Do total arrecadado com o IPVA, 40% v\u00e3o para o caixa \u00fanico do Estado, 40% s\u00e3o destinados aos munic\u00edpios de emplacamento dos ve\u00edculos e 20% v\u00e3o para o Fundo de Manuten\u00e7\u00e3o e Desenvolvimento da Educa\u00e7\u00e3o B\u00e1sica (Fundeb).<\/p>\n<p><strong>TRLAV vence em 31 de mar\u00e7o<\/strong><\/p>\n<p>Vale lembrar que a Taxa de Renova\u00e7\u00e3o do Licenciamento Anual do Ve\u00edculo (TRLAV), no valor de R$ 35,18, vence em 31 de mar\u00e7o. O pagamento da TRLAV tamb\u00e9m deve ser feito no site da SEF.<\/p>\n<p><img decoding=\"async\" src=\"https:\/\/www.agenciaminas.mg.gov.br\/ckeditor_assets\/pictures\/22522\/content_thumbnail_arte_golpes_ipva.png\" alt=\"\" \/><\/p>\n<p>&nbsp;<\/p>\n<p>Fonte: Ag\u00eancia Minas<\/p>\n<p>&nbsp;<\/p>\n","protected":false},"excerpt":{"rendered":"<p>A escala de vencimentos da segunda parcela do Imposto sobre a Propriedade de Ve\u00edculos Automotores (IPVA) 2025 come\u00e7a nesta quinta-feira (6\/3), para os finais de placas 1 e 2. A sequ\u00eancia das placas e seus respectivos dias de vencimento, podem ser conferidos na tabela: O pagamento pode ser feito via Pix, Documento de Arrecada\u00e7\u00e3o Estadual [&hellip;]<\/p>\n","protected":false},"author":246,"featured_media":227103,"comment_status":"closed","ping_status":"closed","sticky":false,"template":"","format":"standard","meta":{"footnotes":""},"categories":[436,440,261,254,439],"tags":[],"class_list":["post-227102","post","type-post","status-publish","format-standard","has-post-thumbnail","hentry","category-destaque-da-semana","category-destaques-do-dia","category-economia","category-politica","category-ultima-hora"],"_links":{"self":[{"href":"https:\/\/diarioregionaldigital.com.br\/index.php?rest_route=\/wp\/v2\/posts\/227102","targetHints":{"allow":["GET"]}}],"collection":[{"href":"https:\/\/diarioregionaldigital.com.br\/index.php?rest_route=\/wp\/v2\/posts"}],"about":[{"href":"https:\/\/diarioregionaldigital.com.br\/index.php?rest_route=\/wp\/v2\/types\/post"}],"author":[{"embeddable":true,"href":"https:\/\/diarioregionaldigital.com.br\/index.php?rest_route=\/wp\/v2\/users\/246"}],"replies":[{"embeddable":true,"href":"https:\/\/diarioregionaldigital.com.br\/index.php?rest_route=%2Fwp%2Fv2%2Fcomments&post=227102"}],"version-history":[{"count":1,"href":"https:\/\/diarioregionaldigital.com.br\/index.php?rest_route=\/wp\/v2\/posts\/227102\/revisions"}],"predecessor-version":[{"id":227104,"href":"https:\/\/diarioregionaldigital.com.br\/index.php?rest_route=\/wp\/v2\/posts\/227102\/revisions\/227104"}],"wp:featuredmedia":[{"embeddable":true,"href":"https:\/\/diarioregionaldigital.com.br\/index.php?rest_route=\/wp\/v2\/media\/227103"}],"wp:attachment":[{"href":"https:\/\/diarioregionaldigital.com.br\/index.php?rest_route=%2Fwp%2Fv2%2Fmedia&parent=227102"}],"wp:term":[{"taxonomy":"category","embeddable":true,"href":"https:\/\/diarioregionaldigital.com.br\/index.php?rest_route=%2Fwp%2Fv2%2Fcategories&post=227102"},{"taxonomy":"post_tag","embeddable":true,"href":"https:\/\/diarioregionaldigital.com.br\/index.php?rest_route=%2Fwp%2Fv2%2Ftags&post=227102"}],"curies":[{"name":"wp","href":"https:\/\/api.w.org\/{rel}","templated":true}]}}