{"id":227091,"date":"2025-02-28T11:33:38","date_gmt":"2025-02-28T14:33:38","guid":{"rendered":"https:\/\/diarioregionaldigital.com.br\/?p=227091"},"modified":"2025-02-28T11:33:38","modified_gmt":"2025-02-28T14:33:38","slug":"botafogo-cai-diante-do-racing-e-perde-a-recopa-sul-americana","status":"publish","type":"post","link":"https:\/\/diarioregionaldigital.com.br\/?p=227091","title":{"rendered":"Botafogo cai diante do Racing e perde a Recopa Sul-Americana"},"content":{"rendered":"<p>O Botafogo deixou escapar a oportunidade de conquistar o in\u00e9dito t\u00edtulo da Recopa Sul-Americana ap\u00f3s ser derrotado por 2 a 0 pelo Racing (Argentina), na noite desta quinta-feira (27) no est\u00e1dio Nilton Santos, em partida que teve transmiss\u00e3o ao vivo da\u00a0<strong>R\u00e1dio Nacional<\/strong>.<img decoding=\"async\" src=\"https:\/\/agenciabrasil.ebc.com.br\/ebc.png?id=1632216&amp;o=node\" \/><img decoding=\"async\" src=\"https:\/\/agenciabrasil.ebc.com.br\/ebc.gif?id=1632216&amp;o=node\" \/><\/p>\n<p>Com o rev\u00e9s desta quinta, o Alvinegro de General Severiano desperdi\u00e7ou a terceira oportunidade seguida de conquistar um t\u00edtulo no in\u00edcio de 2025, ap\u00f3s perder a Supercopa do Brasil para o Flamengo e ficar de fora da fase final do Campeonato Carioca.<\/p>\n<h2>Atua\u00e7\u00e3o frustrante<\/h2>\n<p>Ap\u00f3s ser derrotado por 2 a 0 no confronto de ida da decis\u00e3o, na \u00faltima quinta-feira (20) no est\u00e1dio El Cilindro, em Buenos Aires (Argentina), o Botafogo confiava demais no fator casa para tentar reverter o placar adverso.<\/p>\n<p>Por\u00e9m, com a bola rolando o time de General Severiano at\u00e9 conseguia ter mais posse de bola, mas mostrava muita dificuldade de encontrar espa\u00e7os na defesa de um Racing que, em muitos momentos, formava a \u00faltima linha de defesa com at\u00e9 cinco homens. Com isso, os jogadores do Botafogo foram ficando nervosos com o passar do tempo.<\/p>\n<p>A \u00fanica oportunidade clara de a equipe comandada por Cl\u00e1udio Ca\u00e7apa abrir o placar no primeiro tempo surgiu apenas aos 39 minutos, quando o zagueiro Barboza cabeceou no travess\u00e3o do gol defendido por Arias ap\u00f3s bola levantada na \u00e1rea pelo lateral Alex Telles.<\/p>\n<p>Ap\u00f3s o intervalo o Racing tomou conta de vez da partida, abrindo o placar aos 4 minutos com Zaracho, que aproveitou bola que sobrou dentro da \u00e1rea para bater com for\u00e7a e superar o goleiro John. E aos 23 minutos Zuculini deu o golpe de miseric\u00f3rdia, ao finalizar cruzado para marcar o segundo ap\u00f3s receber passe de Martirena.<\/p>\n<p>Fonte: Ag\u00eancia Brasil<\/p>\n","protected":false},"excerpt":{"rendered":"<p>O Botafogo deixou escapar a oportunidade de conquistar o in\u00e9dito t\u00edtulo da Recopa Sul-Americana ap\u00f3s ser derrotado por 2 a 0 pelo Racing (Argentina), na noite desta quinta-feira (27) no est\u00e1dio Nilton Santos, em partida que teve transmiss\u00e3o ao vivo da\u00a0R\u00e1dio Nacional. Com o rev\u00e9s desta quinta, o Alvinegro de General Severiano desperdi\u00e7ou a terceira [&hellip;]<\/p>\n","protected":false},"author":246,"featured_media":227092,"comment_status":"closed","ping_status":"closed","sticky":false,"template":"","format":"standard","meta":{"footnotes":""},"categories":[436,440,257,439],"tags":[],"class_list":["post-227091","post","type-post","status-publish","format-standard","has-post-thumbnail","hentry","category-destaque-da-semana","category-destaques-do-dia","category-esporte","category-ultima-hora"],"_links":{"self":[{"href":"https:\/\/diarioregionaldigital.com.br\/index.php?rest_route=\/wp\/v2\/posts\/227091","targetHints":{"allow":["GET"]}}],"collection":[{"href":"https:\/\/diarioregionaldigital.com.br\/index.php?rest_route=\/wp\/v2\/posts"}],"about":[{"href":"https:\/\/diarioregionaldigital.com.br\/index.php?rest_route=\/wp\/v2\/types\/post"}],"author":[{"embeddable":true,"href":"https:\/\/diarioregionaldigital.com.br\/index.php?rest_route=\/wp\/v2\/users\/246"}],"replies":[{"embeddable":true,"href":"https:\/\/diarioregionaldigital.com.br\/index.php?rest_route=%2Fwp%2Fv2%2Fcomments&post=227091"}],"version-history":[{"count":1,"href":"https:\/\/diarioregionaldigital.com.br\/index.php?rest_route=\/wp\/v2\/posts\/227091\/revisions"}],"predecessor-version":[{"id":227093,"href":"https:\/\/diarioregionaldigital.com.br\/index.php?rest_route=\/wp\/v2\/posts\/227091\/revisions\/227093"}],"wp:featuredmedia":[{"embeddable":true,"href":"https:\/\/diarioregionaldigital.com.br\/index.php?rest_route=\/wp\/v2\/media\/227092"}],"wp:attachment":[{"href":"https:\/\/diarioregionaldigital.com.br\/index.php?rest_route=%2Fwp%2Fv2%2Fmedia&parent=227091"}],"wp:term":[{"taxonomy":"category","embeddable":true,"href":"https:\/\/diarioregionaldigital.com.br\/index.php?rest_route=%2Fwp%2Fv2%2Fcategories&post=227091"},{"taxonomy":"post_tag","embeddable":true,"href":"https:\/\/diarioregionaldigital.com.br\/index.php?rest_route=%2Fwp%2Fv2%2Ftags&post=227091"}],"curies":[{"name":"wp","href":"https:\/\/api.w.org\/{rel}","templated":true}]}}