{"id":227088,"date":"2025-02-28T11:32:18","date_gmt":"2025-02-28T14:32:18","guid":{"rendered":"https:\/\/diarioregionaldigital.com.br\/?p=227088"},"modified":"2025-02-28T11:32:18","modified_gmt":"2025-02-28T14:32:18","slug":"carnaval-com-responsabilidade-governo-de-minas-reforca-prevencao-as-infeccoes-sexualmente-transmissiveis","status":"publish","type":"post","link":"https:\/\/diarioregionaldigital.com.br\/?p=227088","title":{"rendered":"Carnaval com responsabilidade: Governo de Minas refor\u00e7a preven\u00e7\u00e3o \u00e0s infec\u00e7\u00f5es sexualmente transmiss\u00edveis"},"content":{"rendered":"<p>O\u00a0<a href=\"https:\/\/www.mg.gov.br\/\" target=\"_blank\" rel=\"noopener\">Governo de Minas<\/a>, por meio da\u00a0<a href=\"https:\/\/www.saude.mg.gov.br\/\" target=\"_blank\" rel=\"noopener\">Secretaria de Estado de Sa\u00fade de Minas Gerais (SES-MG)<\/a>, intensificou as a\u00e7\u00f5es de preven\u00e7\u00e3o \u00e0s infec\u00e7\u00f5es sexualmente transmiss\u00edveis (ISTs) durante o per\u00edodo do Carnaval. Como parte da estrat\u00e9gia, mais de 4,6 milh\u00f5es de preservativos masculinos e 255 mil preservativos femininos foram distribu\u00eddos em todo o estado.<\/p>\n<p>De acordo com a\u00a0coordenadora de IST\/HIV e Hepatites Virais da SES-MG, Mayara Marques, o acesso a esses m\u00e9todos preventivos \u00e9 essencial para reduzir a transmiss\u00e3o de infec\u00e7\u00f5es e promover a sa\u00fade da popula\u00e7\u00e3o.<\/p>\n<p>\u201cNosso objetivo \u00e9 refor\u00e7ar a conscientiza\u00e7\u00e3o sobre a import\u00e2ncia da preven\u00e7\u00e3o, por meio de a\u00e7\u00f5es educativas junto aos munic\u00edpios para incentivar h\u00e1bitos seguros e a busca por testagem regular\u201d, explica.<\/p>\n<p>Al\u00e9m dos preservativos, a SES-MG tamb\u00e9m distribuiu 255 mil unidades de gel lubrificante. Os insumos est\u00e3o dispon\u00edveis em unidades de sa\u00fade e Centros de Testagem e Aconselhamento (CTA).<\/p>\n<p><strong>Cen\u00e1rio epidemiol\u00f3gico das ISTs em Minas Gerais<\/strong><\/p>\n<p>Dados do Sistema de Informa\u00e7\u00e3o de Agravos de Notifica\u00e7\u00e3o (Sinan) apontam que as ISTs mais notificadas em Minas Gerais em 2024 foram s\u00edfilis adquirida, com 23.055 casos, e HIV\/Aids, com 4.743 notifica\u00e7\u00f5es.<\/p>\n<p>Embora o n\u00famero de novos registros de HIV tenha apresentado redu\u00e7\u00e3o em rela\u00e7\u00e3o ao ano anterior, o aumento de casos de s\u00edfilis e a baixa ades\u00e3o ao uso de preservativos seguem como desafios.<\/p>\n<p>&nbsp;<\/p>\n<table border=\"0\" cellspacing=\"1\" cellpadding=\"1\" align=\"center\">\n<tbody>\n<tr>\n<td colspan=\"5\"><img decoding=\"async\" src=\"https:\/\/www.agenciaminas.mg.gov.br\/ckeditor_assets\/pictures\/20949\/content_2_olho_topo.jpg\" alt=\"\" \/><\/td>\n<\/tr>\n<tr>\n<td><\/td>\n<td colspan=\"3\" rowspan=\"3\">\n<h1><strong>&#8220;Precisamos refor\u00e7ar a import\u00e2ncia da preven\u00e7\u00e3o, pois ainda h\u00e1 muitos jovens e adultos expostos a riscos devido \u00e0 falta de informa\u00e7\u00e3o e \u00e0 ades\u00e3o irregular ao uso de m\u00e9todos preventivos&#8221;, destaca Mayara Marques.<\/strong><\/h1>\n<\/td>\n<td><\/td>\n<\/tr>\n<tr>\n<td><\/td>\n<td><\/td>\n<\/tr>\n<tr>\n<td><\/td>\n<td><\/td>\n<\/tr>\n<tr>\n<td colspan=\"5\"><img decoding=\"async\" src=\"https:\/\/www.agenciaminas.mg.gov.br\/ckeditor_assets\/pictures\/20950\/content_2_olho_inferior.jpg\" alt=\"\" \/><\/td>\n<\/tr>\n<\/tbody>\n<\/table>\n<p>&nbsp;<\/p>\n<p><strong>A\u00e7\u00f5es preventivas e acesso a servi\u00e7os de sa\u00fade<\/strong><\/p>\n<p>Al\u00e9m da distribui\u00e7\u00e3o de preservativos e gel lubrificante, a SES-MG refor\u00e7a a import\u00e2ncia da testagem regular para ISTs e do acompanhamento m\u00e9dico para aqueles que necessitam de suporte especializado.<\/p>\n<p>A Profilaxia Pr\u00e9-Exposi\u00e7\u00e3o (PrEP), m\u00e9todo de preven\u00e7\u00e3o ao HIV que consiste no uso de antirretrovirais, tamb\u00e9m est\u00e1 dispon\u00edvel para pessoas em situa\u00e7\u00e3o de maior vulnerabilidade, sempre mediante avalia\u00e7\u00e3o profissional.<\/p>\n<p>O farmac\u00eautico\u00a0Bruno Paulino, do Centro de Sa\u00fade Pompeia, na zona leste de Belo Horizonte, explica como funciona o atendimento para quem busca a PrEP.<\/p>\n<p>\u201cO atendimento de PrEP \u00e9 compartilhado entre diferentes profissionais. O processo inclui uma consulta m\u00e9dica inicial, exames laboratoriais e acompanhamento cont\u00ednuo com a equipe de sa\u00fade, que envolve tamb\u00e9m farmac\u00eautico e enfermeiros, garantindo que o paciente tenha todas as informa\u00e7\u00f5es necess\u00e1rias para um uso seguro e adequado\u201d, destaca.<\/p>\n<p>A rela\u00e7\u00e3o completa dos servi\u00e7os que disponibilizam a PrEP pode ser consultada\u00a0<a href=\"http:\/\/www.saude.mg.gov.br\/aids\" target=\"_blank\" rel=\"noopener\">neste\u00a0site<\/a>.<\/p>\n<p><strong>Desafios e o papel da informa\u00e7\u00e3o<\/strong><\/p>\n<p>A SES-MG refor\u00e7a que a preven\u00e7\u00e3o vai al\u00e9m do uso de preservativos, envolvendo tamb\u00e9m a testagem peri\u00f3dica para ISTs, o acesso a informa\u00e7\u00f5es confi\u00e1veis e o di\u00e1logo sobre sa\u00fade sexual de forma respons\u00e1vel.<\/p>\n<p>\u201cNosso compromisso \u00e9 com a sa\u00fade da popula\u00e7\u00e3o. Cada passo na dire\u00e7\u00e3o da conscientiza\u00e7\u00e3o representa um avan\u00e7o para a sa\u00fade p\u00fablica\u201d, conclui Mayara Marques.<\/p>\n<p>Fonte: Ag\u00eancia Minas<\/p>\n","protected":false},"excerpt":{"rendered":"<p>O\u00a0Governo de Minas, por meio da\u00a0Secretaria de Estado de Sa\u00fade de Minas Gerais (SES-MG), intensificou as a\u00e7\u00f5es de preven\u00e7\u00e3o \u00e0s infec\u00e7\u00f5es sexualmente transmiss\u00edveis (ISTs) durante o per\u00edodo do Carnaval. Como parte da estrat\u00e9gia, mais de 4,6 milh\u00f5es de preservativos masculinos e 255 mil preservativos femininos foram distribu\u00eddos em todo o estado. De acordo com a\u00a0coordenadora [&hellip;]<\/p>\n","protected":false},"author":246,"featured_media":227089,"comment_status":"closed","ping_status":"closed","sticky":false,"template":"","format":"standard","meta":{"footnotes":""},"categories":[436,254,439],"tags":[],"class_list":["post-227088","post","type-post","status-publish","format-standard","has-post-thumbnail","hentry","category-destaque-da-semana","category-politica","category-ultima-hora"],"_links":{"self":[{"href":"https:\/\/diarioregionaldigital.com.br\/index.php?rest_route=\/wp\/v2\/posts\/227088","targetHints":{"allow":["GET"]}}],"collection":[{"href":"https:\/\/diarioregionaldigital.com.br\/index.php?rest_route=\/wp\/v2\/posts"}],"about":[{"href":"https:\/\/diarioregionaldigital.com.br\/index.php?rest_route=\/wp\/v2\/types\/post"}],"author":[{"embeddable":true,"href":"https:\/\/diarioregionaldigital.com.br\/index.php?rest_route=\/wp\/v2\/users\/246"}],"replies":[{"embeddable":true,"href":"https:\/\/diarioregionaldigital.com.br\/index.php?rest_route=%2Fwp%2Fv2%2Fcomments&post=227088"}],"version-history":[{"count":1,"href":"https:\/\/diarioregionaldigital.com.br\/index.php?rest_route=\/wp\/v2\/posts\/227088\/revisions"}],"predecessor-version":[{"id":227090,"href":"https:\/\/diarioregionaldigital.com.br\/index.php?rest_route=\/wp\/v2\/posts\/227088\/revisions\/227090"}],"wp:featuredmedia":[{"embeddable":true,"href":"https:\/\/diarioregionaldigital.com.br\/index.php?rest_route=\/wp\/v2\/media\/227089"}],"wp:attachment":[{"href":"https:\/\/diarioregionaldigital.com.br\/index.php?rest_route=%2Fwp%2Fv2%2Fmedia&parent=227088"}],"wp:term":[{"taxonomy":"category","embeddable":true,"href":"https:\/\/diarioregionaldigital.com.br\/index.php?rest_route=%2Fwp%2Fv2%2Fcategories&post=227088"},{"taxonomy":"post_tag","embeddable":true,"href":"https:\/\/diarioregionaldigital.com.br\/index.php?rest_route=%2Fwp%2Fv2%2Ftags&post=227088"}],"curies":[{"name":"wp","href":"https:\/\/api.w.org\/{rel}","templated":true}]}}