{"id":227085,"date":"2025-02-28T11:31:10","date_gmt":"2025-02-28T14:31:10","guid":{"rendered":"https:\/\/diarioregionaldigital.com.br\/?p=227085"},"modified":"2025-02-28T11:31:10","modified_gmt":"2025-02-28T14:31:10","slug":"governo-de-minas-vistoria-a-obra-de-reforma-e-ampliacao-do-hospital-de-deus-em-vespasiano","status":"publish","type":"post","link":"https:\/\/diarioregionaldigital.com.br\/?p=227085","title":{"rendered":"Governo de Minas vistoria a obra de reforma e amplia\u00e7\u00e3o do Hospital de Deus em Vespasiano"},"content":{"rendered":"<p><main class=\"clear margin-md-bottom-3\"><\/p>\n<div class=\"clear col-md-10 col-md-offset-1 \">\n<p>A\u00a0<a href=\"https:\/\/www.saude.mg.gov.br\/\" target=\"_blank\" rel=\"noopener\">Secretaria de Estado de Sa\u00fade de Minas Gerais (SES-MG)<\/a>\u00a0vistoriou nesta quinta-feira (27\/2) a obra de reforma e amplia\u00e7\u00e3o do Hospital de Deus em Vespasiano, na macrorregi\u00e3o de Sa\u00fade Centro. As melhorias na sa\u00fade contribuem para que os atendimentos possam ser realizados no pr\u00f3prio munic\u00edpio, diminuindo a necessidade de transfer\u00eancias para outras localidades.<\/p>\n<p>&nbsp;<\/p>\n<p>A institui\u00e7\u00e3o atualmente \u00e9 administrada pela Funda\u00e7\u00e3o Vespasianense de Sa\u00fade, sendo o \u00fanico hospital geral que presta servi\u00e7o m\u00e9dico hospitalar de m\u00e9dia complexidade para a popula\u00e7\u00e3o de Vespasiano e de outras regi\u00f5es vizinhas. Especialidades como cl\u00ednica m\u00e9dica, pediatria, ginecologia, cirurgia geral, ortopedia, angiologia e anestesiologia s\u00e3o alguns dos servi\u00e7os prestados.<\/p>\n<p>Com a obra de reforma, amplia\u00e7\u00e3o e adequa\u00e7\u00e3o em sua infraestrutura, o hospital ir\u00e1 ampliar o atendimento \u00e0 popula\u00e7\u00e3o e reduzir o tempo de espera. A proposta \u00e9 que ele tamb\u00e9m seja um local de refer\u00eancia para o atendimento em sa\u00fade de todo o vetor Norte da Regi\u00e3o Metropolitana de Belo Horizonte. Com as melhorias, o\u00a0<a href=\"https:\/\/www.mg.gov.br\/\" target=\"_blank\" rel=\"noopener\">Governo de Minas<\/a>\u00a0leva a sa\u00fade de qualidade cada vez mais perto para os mineiros.<\/p>\n<p>O Secret\u00e1rio de Estado de Sa\u00fade, F\u00e1bio Baccheretti,\u00a0 destacou que o objetivo \u00e9 fazer com que o hospital de Vespasiano seja refer\u00eancia em sa\u00fade e que a ida de pacientes para Belo Horizonte seja rar\u00edssima. \u201cTemos a certeza que daqui a pouco Vespasiano vai se orgulhar de n\u00e3o ser mais quem leva pacientes para outros lugares, mas sim quem recebe pacientes de toda essa regi\u00e3o\u201d, disse o secret\u00e1rio.<\/p>\n<p><strong>Melhorias na Sa\u00fade<\/strong><\/p>\n<p>Ainda de acordo com F\u00e1bio Baccheretti, com a realiza\u00e7\u00e3o das obras o hospital contar\u00e1 com UTIs adulto, pedi\u00e1trico, mais leitos, al\u00e9m de novos equipamentos de tomografia, raio x e ultrassom.<\/p>\n<p>O que est\u00e1 sendo feito \u00e9 a primeira fase de v\u00e1rias etapas que est\u00e3o previstas para serem realizadas.\u00a0 Atualmente, o hospital possui 2 mil metros de \u00e1rea constru\u00edda, sendo que com toda reestrutura\u00e7\u00e3o ele contar\u00e1 com mais 5 mil metros, totalizando assim 7 mil metros de obras em infraestrutura para a sa\u00fade.<\/p>\n<p>O investimento nas obras de amplia\u00e7\u00e3o e infraestrutura do Hospital de Deus de Vespasiano corresponde a um total de R$ 70 milh\u00f5es. Nesta fase inicial, foram investidos pelo estado de Minas o valor de R$ 20 milh\u00f5es\u00a0em equipamentos.\u00a0 O valor restante, de R$ 50 milh\u00f5es, ser\u00e1 investido na etapa seguinte sendo destinado para mais amplia\u00e7\u00f5es de toda a infraestrutura.<\/p>\n<p>Tudo isso representa mais seguran\u00e7a para a popula\u00e7\u00e3o em um ambiente de sa\u00fade mais acolhedor, agilidade nos atendimentos com profissionais m\u00e9dicos, enfermeiros e equipamentos especializados, al\u00e9m de mais rapidez na realiza\u00e7\u00e3o de procedimentos eletivos e de urg\u00eancia.<\/p>\n<p dir=\"ltr\">Contando com uma nova infraestrutura, o Hospital de Deus de Vespasiano ser\u00e1 mais um centro de excel\u00eancia em sa\u00fade, melhorando significativamente a qualidade de vida e a sa\u00fade das pessoas da regi\u00e3o.<\/p>\n<p>Para o prefeito de Vespasiano, Jos\u00e9 Wilson, todas essas melhorias no hospital ir\u00e3o salvar vidas. \u201cCom essa amplia\u00e7\u00e3o, tanto com a tomografia, quanto com a amplia\u00e7\u00e3o dos leitos, n\u00f3s vamos poder mandar pacientes direto da Unidade de Pronto Atendimento (UPA) daqui, al\u00e9m de beneficiar todas as cidades do entorno\u201d, disse.<\/p>\n<p><strong>Hospital de Deus<\/strong><\/p>\n<p>O hospital come\u00e7ou a funcionar na d\u00e9cada de 70 com o nome de Funda\u00e7\u00e3o Elias Issa, realizando atendimentos pelo Sistema \u00danico de Sa\u00fade (SUS). Nos anos 80, suas instala\u00e7\u00f5es foram expandidas e o local ficou conhecido como Hospital e Maternidade Vespasiano.<\/p>\n<p>Atualmente, a institui\u00e7\u00e3o n\u00e3o oferece mais os atendimentos de maternidade e tem o nome de Hospital de Deus. Ela \u00e9 administrada pela Funda\u00e7\u00e3o Vespasianense de Sa\u00fade, entidade de direito privado, sem fins lucrativos, com autonomia administrativa e financeira.<\/p>\n<p>Nessa primeira fase, que come\u00e7ou neste m\u00eas de fevereiro com a amplia\u00e7\u00e3o de um espa\u00e7o de 300 metros, ser\u00e3o constru\u00eddas as salas que ir\u00e3o abrigar os aparelhos de raio X, tomografia, ultrassom, al\u00e9m de uma sala de atendimento. A previs\u00e3o \u00e9 que tudo seja finalizado em quatro\u00a0meses.<\/p>\n<p>O presidente da Funda\u00e7\u00e3o Vespasianense de Sa\u00fade, Adriano Costa Rocha,\u00a0 destacou que as obras de amplia\u00e7\u00e3o e reforma do Hospital de Deus ir\u00e3o trazer benef\u00edcios n\u00e3o somente para os cidad\u00e3os de Vespasiano, mas tamb\u00e9m para todas as demais cidade do vetor Norte, como Confins e Lagoa Santa.\u00a0 \u201cAs pessoas poder\u00e3o contar com novas instala\u00e7\u00f5es para especialidades como cl\u00ednica m\u00e9dica, e cir\u00fargica, trazendo mais benef\u00edcios para a popula\u00e7\u00e3o e para\u00a0 todos aqui da regi\u00e3o. Isso vai mudar a hist\u00f3ria da sa\u00fade no munic\u00edpio, desafogando Belo Horizonte com a chegada dos pacientes das regi\u00f5es mais pr\u00f3ximas at\u00e9 esse hospital\u201d, disse.<\/p>\n<p>Ap\u00f3s a entrega, uma nova etapa ser\u00e1 iniciada com a constru\u00e7\u00e3o de mais tr\u00eas\u00a0andares com salas de UTI, ambulat\u00f3rios e postos de enfermagem. A previs\u00e3o de t\u00e9rmino de todas essas obras de melhoria para a sa\u00fade do Hospital de Deus \u00e9 de dois\u00a0anos.<\/p>\n<p>\u201cEsse investimento aqui no Hospital de Deus se soma aos investimentos da nova UPA, que se soma ao novo Samu\u00a0que chegou aqui tamb\u00e9m e a hemodi\u00e1lise que ainda vai ser constru\u00edda. A popula\u00e7\u00e3o n\u00e3o precisar\u00e1 ir t\u00e3o longe, fazendo tudo perto de casa,\u201c destacou o secret\u00e1rio estadual de sa\u00fade.<\/p>\n<p>&nbsp;<\/p>\n<p>Fonte: Ag\u00eancia Minas<\/p>\n<\/div>\n<p><\/main><\/p>\n","protected":false},"excerpt":{"rendered":"<p>A\u00a0Secretaria de Estado de Sa\u00fade de Minas Gerais (SES-MG)\u00a0vistoriou nesta quinta-feira (27\/2) a obra de reforma e amplia\u00e7\u00e3o do Hospital de Deus em Vespasiano, na macrorregi\u00e3o de Sa\u00fade Centro. As melhorias na sa\u00fade contribuem para que os atendimentos possam ser realizados no pr\u00f3prio munic\u00edpio, diminuindo a necessidade de transfer\u00eancias para outras localidades. &nbsp; A institui\u00e7\u00e3o [&hellip;]<\/p>\n","protected":false},"author":246,"featured_media":227086,"comment_status":"closed","ping_status":"closed","sticky":false,"template":"","format":"standard","meta":{"footnotes":""},"categories":[436,440,254,439],"tags":[],"class_list":["post-227085","post","type-post","status-publish","format-standard","has-post-thumbnail","hentry","category-destaque-da-semana","category-destaques-do-dia","category-politica","category-ultima-hora"],"_links":{"self":[{"href":"https:\/\/diarioregionaldigital.com.br\/index.php?rest_route=\/wp\/v2\/posts\/227085","targetHints":{"allow":["GET"]}}],"collection":[{"href":"https:\/\/diarioregionaldigital.com.br\/index.php?rest_route=\/wp\/v2\/posts"}],"about":[{"href":"https:\/\/diarioregionaldigital.com.br\/index.php?rest_route=\/wp\/v2\/types\/post"}],"author":[{"embeddable":true,"href":"https:\/\/diarioregionaldigital.com.br\/index.php?rest_route=\/wp\/v2\/users\/246"}],"replies":[{"embeddable":true,"href":"https:\/\/diarioregionaldigital.com.br\/index.php?rest_route=%2Fwp%2Fv2%2Fcomments&post=227085"}],"version-history":[{"count":1,"href":"https:\/\/diarioregionaldigital.com.br\/index.php?rest_route=\/wp\/v2\/posts\/227085\/revisions"}],"predecessor-version":[{"id":227087,"href":"https:\/\/diarioregionaldigital.com.br\/index.php?rest_route=\/wp\/v2\/posts\/227085\/revisions\/227087"}],"wp:featuredmedia":[{"embeddable":true,"href":"https:\/\/diarioregionaldigital.com.br\/index.php?rest_route=\/wp\/v2\/media\/227086"}],"wp:attachment":[{"href":"https:\/\/diarioregionaldigital.com.br\/index.php?rest_route=%2Fwp%2Fv2%2Fmedia&parent=227085"}],"wp:term":[{"taxonomy":"category","embeddable":true,"href":"https:\/\/diarioregionaldigital.com.br\/index.php?rest_route=%2Fwp%2Fv2%2Fcategories&post=227085"},{"taxonomy":"post_tag","embeddable":true,"href":"https:\/\/diarioregionaldigital.com.br\/index.php?rest_route=%2Fwp%2Fv2%2Ftags&post=227085"}],"curies":[{"name":"wp","href":"https:\/\/api.w.org\/{rel}","templated":true}]}}