{"id":227075,"date":"2025-02-28T01:56:44","date_gmt":"2025-02-28T04:56:44","guid":{"rendered":"https:\/\/diarioregionaldigital.com.br\/?p=227075"},"modified":"2025-02-28T01:56:44","modified_gmt":"2025-02-28T04:56:44","slug":"extrato-de-ata-005-2025-28-02-2025","status":"publish","type":"post","link":"https:\/\/diarioregionaldigital.com.br\/?p=227075","title":{"rendered":"EXTRATO DE ATA 005\/2025 &#8211; 28\/02\/2025"},"content":{"rendered":"<p class=\"s2\">\n<p class=\"s2\"><span class=\"s3\"><span class=\"bumpedFont17\">Pref. Municipal de Descoberto <\/span><\/span><span class=\"s3\"><span class=\"bumpedFont17\">Sulpel<\/span><\/span><span class=\"s3\"><span class=\"bumpedFont17\"> Ind\u00fastria e Com\u00e9rcio de Pap\u00e9is<\/span><\/span><span class=\"s3\"><span class=\"bumpedFont17\">Ltda <\/span><\/span><span class=\"s3\"><span class=\"bumpedFont17\">&#8211; Objeto:<\/span><\/span><span class=\"s3\"><span class=\"bumpedFont17\"> Registro de pre\u00e7os visando a contrata\u00e7\u00e3o de<\/span><\/span> <span class=\"s3\"><span class=\"bumpedFont17\">empresa para o fornecimento de materiais de consumo, higiene e limpeza necess\u00e1rios para garantir um bom ambiente de trabalho aos profissionais de todos os setores da Prefeitura Municipal de Descoberto-MG<\/span><\/span><span class=\"s3\"><span class=\"bumpedFont17\"> &#8211; <\/span><\/span><span class=\"s3\"><span class=\"bumpedFont17\">Fundamento:<\/span><\/span> <span class=\"s3\"><span class=\"bumpedFont17\">Preg\u00e3o <\/span><\/span><span class=\"s3\"><span class=\"bumpedFont17\">Eletr\u00f4nico<\/span><\/span> <span class=\"s3\"><span class=\"bumpedFont17\">n\u00ba <\/span><\/span><span class=\"s3\"><span class=\"bumpedFont17\">0<\/span><\/span><span class=\"s3\"><span class=\"bumpedFont17\">0<\/span><\/span><span class=\"s3\"><span class=\"bumpedFont17\">2<\/span><\/span><span class=\"s3\"><span class=\"bumpedFont17\">\/<\/span><\/span><span class=\"s3\"><span class=\"bumpedFont17\">2024<\/span><\/span> <span class=\"s3\"><span class=\"bumpedFont17\">&#8211; <\/span><\/span><span class=\"s3\"><span class=\"bumpedFont17\">Valor Global: <\/span><\/span><span class=\"s3\"><span class=\"bumpedFont17\">R$<\/span><\/span><span class=\"s3\"><span class=\"bumpedFont17\"> 72.324,00<\/span><\/span> <span class=\"s3\"><span class=\"bumpedFont17\">&#8211; <\/span><\/span><span class=\"s3\"><span class=\"bumpedFont17\">Vig\u00eancia: <\/span><\/span><span class=\"s3\"><span class=\"bumpedFont17\">12<\/span><\/span><span class=\"s3\"><span class=\"bumpedFont17\"> meses<\/span><\/span> <span class=\"s3\"><span class=\"bumpedFont17\">&#8211; \u00a0<\/span><\/span><span class=\"s3\"><span class=\"bumpedFont17\">Dot<\/span><\/span> <span class=\"s3\"><span class=\"bumpedFont17\">or\u00e7<\/span><\/span><span class=\"s3\"><span class=\"bumpedFont17\">:<\/span><\/span><span class=\"s3\"><span class=\"bumpedFont17\">02.002.000.04.122.0002.2017.339030.00\/150- 02.004.001.12.0002.2032.339030.00\/150- 02.004.002.12.365.0003.2059.339030.00\/150- 02.004.002.361.0003.2054.339030.00\/150- 02.006.000.15.122.0002.2101.339030.00\/150- 02.015.000.27.812.0016.2072.339030.00\/150- 02.005.002.10.301.0004.2084.339030.00\/150.<\/span><\/span> <span class=\"s3\"><span class=\"bumpedFont17\">&#8211; <\/span><\/span><span class=\"s3\"><span class=\"bumpedFont17\">Ass<\/span><\/span><span class=\"s3\"><span class=\"bumpedFont17\">:<\/span><\/span> <span class=\"s3\"><span class=\"bumpedFont17\">28\/02\/2025<\/span><\/span> <span class=\"s3\"><span class=\"bumpedFont17\">&#8211; Foro: S\u00e3o Jo\u00e3o Nepomuceno\/MG.<\/span><\/span><\/p>\n<p class=\"s4\">\n<p class=\"s4\">\n<p class=\"s4\">\n<p class=\"s4\">\n<p class=\"s2\">\n<p class=\"s2\"><span class=\"s3\"><span class=\"bumpedFont17\">Luis<\/span><\/span><span class=\"s3\"><span class=\"bumpedFont17\"> Fernando de Oliveira<\/span><\/span><\/p>\n<p class=\"s2\"><span class=\"s3\"><span class=\"bumpedFont17\">Prefeito <\/span><\/span><span class=\"s3\"><span class=\"bumpedFont17\">Municipal <\/span><\/span><\/p>\n<p class=\"s2\">\n","protected":false},"excerpt":{"rendered":"<p>Pref. Municipal de Descoberto Sulpel Ind\u00fastria e Com\u00e9rcio de Pap\u00e9isLtda &#8211; Objeto: Registro de pre\u00e7os visando a contrata\u00e7\u00e3o de empresa para o fornecimento de materiais de consumo, higiene e limpeza necess\u00e1rios para garantir um bom ambiente de trabalho aos profissionais de todos os setores da Prefeitura Municipal de Descoberto-MG &#8211; Fundamento: Preg\u00e3o Eletr\u00f4nico n\u00ba 002\/2024 [&hellip;]<\/p>\n","protected":false},"author":246,"featured_media":0,"comment_status":"closed","ping_status":"closed","sticky":false,"template":"","format":"standard","meta":{"footnotes":""},"categories":[307],"tags":[],"class_list":["post-227075","post","type-post","status-publish","format-standard","hentry","category-editais"],"_links":{"self":[{"href":"https:\/\/diarioregionaldigital.com.br\/index.php?rest_route=\/wp\/v2\/posts\/227075","targetHints":{"allow":["GET"]}}],"collection":[{"href":"https:\/\/diarioregionaldigital.com.br\/index.php?rest_route=\/wp\/v2\/posts"}],"about":[{"href":"https:\/\/diarioregionaldigital.com.br\/index.php?rest_route=\/wp\/v2\/types\/post"}],"author":[{"embeddable":true,"href":"https:\/\/diarioregionaldigital.com.br\/index.php?rest_route=\/wp\/v2\/users\/246"}],"replies":[{"embeddable":true,"href":"https:\/\/diarioregionaldigital.com.br\/index.php?rest_route=%2Fwp%2Fv2%2Fcomments&post=227075"}],"version-history":[{"count":1,"href":"https:\/\/diarioregionaldigital.com.br\/index.php?rest_route=\/wp\/v2\/posts\/227075\/revisions"}],"predecessor-version":[{"id":227076,"href":"https:\/\/diarioregionaldigital.com.br\/index.php?rest_route=\/wp\/v2\/posts\/227075\/revisions\/227076"}],"wp:attachment":[{"href":"https:\/\/diarioregionaldigital.com.br\/index.php?rest_route=%2Fwp%2Fv2%2Fmedia&parent=227075"}],"wp:term":[{"taxonomy":"category","embeddable":true,"href":"https:\/\/diarioregionaldigital.com.br\/index.php?rest_route=%2Fwp%2Fv2%2Fcategories&post=227075"},{"taxonomy":"post_tag","embeddable":true,"href":"https:\/\/diarioregionaldigital.com.br\/index.php?rest_route=%2Fwp%2Fv2%2Ftags&post=227075"}],"curies":[{"name":"wp","href":"https:\/\/api.w.org\/{rel}","templated":true}]}}