{"id":227058,"date":"2025-02-27T19:47:05","date_gmt":"2025-02-27T22:47:05","guid":{"rendered":"https:\/\/diarioregionaldigital.com.br\/?p=227058"},"modified":"2025-02-27T19:47:05","modified_gmt":"2025-02-27T22:47:05","slug":"veja-como-fica-o-funcionamento-da-pjf-durante-o-carnaval-3","status":"publish","type":"post","link":"https:\/\/diarioregionaldigital.com.br\/?p=227058","title":{"rendered":"Veja como fica o funcionamento da PJF durante o Carnaval"},"content":{"rendered":"<p>Segundo informa\u00e7\u00f5es do site da Prefeitura de Juiz de Fora (PJF),\u00a0 em fun\u00e7\u00e3o do Carnaval, na pr\u00f3xima semana, os servi\u00e7os da Prefeitura de Juiz de Fora (PJF) ter\u00e3o altera\u00e7\u00f5es de segunda a quarta, de 1 \u00e0 4 de mar\u00e7o. Confira como fica o funcionamento durante o feriado:<\/p>\n<p>&nbsp;<\/p>\n<p>-Companhia de Saneamento Municipal (Cesama):\u00a0Ir\u00e1 trabalhar em esquema de plant\u00e3o durante o feriado prolongado de Carnaval, de s\u00e1bado (1\u00ba de mar\u00e7o) \u00e0 quarta-feira (5). As solicita\u00e7\u00f5es podem ser feitas por meio do Cesama Atende, pelo 115, que atende 24 horas.<\/p>\n<p>&nbsp;<\/p>\n<p>-Departamento Municipal de Limpeza Urbana (Demlurb):\u00a0Mant\u00e9m todas as suas atividades operacionais normalmente de s\u00e1bado (1) at\u00e9 segunda-feira (3).<\/p>\n<p>Apenas na ter\u00e7a-feira (4) n\u00e3o haver\u00e1 expediente nos setores de coleta domiciliar e seletiva e ecopontos. O Demlurb contar\u00e1 com equipes em regime de plant\u00e3o e com a programa\u00e7\u00e3o das opera\u00e7\u00f5es de limpeza do Carnaval. Na quarta-feira (5), todas as opera\u00e7\u00f5es ocorrer\u00e3o regularmente.<\/p>\n<p>&nbsp;<\/p>\n<p>-Sa\u00fade:\u00a0Os servi\u00e7os de Urg\u00eancia e Emerg\u00eancia das Unidades de Pronto Atendimento (UPA), do Pronto Atendimento Nordeste, do Pronto Atendimento Infantil (PAI), Regional Leste e Hospital de Pronto Socorro (HPS), bem como a Central de Regula\u00e7\u00e3o de Vagas Hospitalares, permanecem em funcionamento 24 horas durante o per\u00edodo.<\/p>\n<p>As Unidades B\u00e1sicas de Sa\u00fade (UBS) paralisam as atividades no final do turno da noite de sexta-feira (28). As atividades nas UBS\u2019s retornam na quinta-feira, (6). O Departamento de Sa\u00fade da Mulher, Gestante, Crian\u00e7a e do Adolescente (DSMGCA), o Servi\u00e7o de Sa\u00fade do Idoso (Sasi), os Centros de Especialidades Odontol\u00f3gicas (CEO) e o PAM Marechal paralisam os atendimentos no final do turno da sexta-feira (28), e retornam na quinta-feira (6). O Departamento de Sa\u00fade Mental (DESM), o Centro de Aten\u00e7\u00e3o \u00e0 Sa\u00fade Mental (CASM)\/ Centro de Conviv\u00eancia Recriar (CCR), o\u00a0 Centro de Aten\u00e7\u00e3o Psicossocial (CAPS) Leste e CAPS paralisam os atendimentos no final do turno da sexta-feira\u00a0 (28), e retornam na quinta-feira (6).<\/p>\n<p>O CAPS AD e o CAPS Casa Viva funcionam 24h durante o per\u00edodo. As vacina\u00e7\u00f5es, campanhas e de rotina, retornam na quinta-feira (6), nas UBSs, no DSMGCA e no Sasi. O Pronto Atendimento Odontol\u00f3gico e o Protocolo de Atendimento ao Risco Biol\u00f3gico Ocupacional e Sexual (Parbos), ambos localizados no HPS, funcionam 24 horas durante o per\u00edodo.<\/p>\n<p>&nbsp;<\/p>\n<p>-Empresa Municipal de Pavimenta\u00e7\u00e3o e Urbanidades (Empav):\u00a0S\u00e1bado e domingo (1 e 2), equipes de poda de \u00e1rvore das 7h \u00e0s 22h. Entre segunda e quarta, teremos atua\u00e7\u00e3o de todas as frentes: pavimenta\u00e7\u00e3o, tapa-buracos, poda de grama, poda de \u00e1rvores e ilumina\u00e7\u00e3o.<\/p>\n<p>&nbsp;<\/p>\n<p>-Guarda Municipal (GM):\u00a0A Guarda mant\u00e9m em atividade 24h por dia com o Centro de Monitoramento e Opera\u00e7\u00f5es (CMO)\u00a0 \u2013 Central 153\u00a0 e\u00a0 Rondas preventivas 24h<\/p>\n<p>Especificamente nos dias de Carnaval, a guarda estar\u00e1 com efetivo operacional nos seguintes pontos:<\/p>\n<p>&nbsp;<\/p>\n<p>&#8211; Banda Daki (efetivo refor\u00e7ado)<\/p>\n<p>&#8211; Blocos dos circuitos Roza-Esta\u00e7\u00e3o e Parque-Esta\u00e7\u00e3o<\/p>\n<p>&#8211; Apoio \u00e0 Fiscaliza\u00e7\u00e3o de Posturas<\/p>\n<p>&#8211; Apoio ao tr\u00e2nsito (SMU)<\/p>\n<p>&#8211; Apoio \u00e0 Pol\u00edcia Militar na dispers\u00e3o dos eventos<\/p>\n<p>&nbsp;<\/p>\n<p>-Agentes de Transporte e Tr\u00e2nsito:\u00a0Os agentes de transporte e tr\u00e2nsito atuam no monitoramento e fiscaliza\u00e7\u00e3o vi\u00e1ria em toda a cidade. As equipes podem ser acionadas pelo n\u00famero 2104-7400.<\/p>\n<p>&nbsp;<\/p>\n<p>-Defesa Civil:\u00a0A equipe da Defesa Civil estar\u00e1 de plant\u00e3o e em caso de emerg\u00eancia, disque\u00a0199. A Central de Atendimento funciona 24h.<\/p>\n<p>-Mercado Municipal:\u00a0No s\u00e1bado, 1\u00ba de mar\u00e7o, funcionar\u00e1 das 8h \u00e0s 14h. De domingo (2), \u00e0 ter\u00e7a-feira (4), estar\u00e1 fechado. Na quarta-feira, volta a funcionar das 8h \u00e0s 18h.<\/p>\n<p>&nbsp;<\/p>\n<p>-Feiras livres:\u00a0S\u00e1bado, 1\u00ba de mar\u00e7o, e domingo (2), as feiras ocorrem normalmente. Segunda (3) n\u00e3o h\u00e1 feiras livres. Na ter\u00e7a-feira (4), n\u00e3o haver\u00e1 as feiras dos bairros Granbery, Francisco Bernardino, Pra\u00e7a da Esta\u00e7\u00e3o e da Rua Mister Moore. No Bairro Mariano Proc\u00f3pio a feira acontece normalmente. Na quarta-feira (5), n\u00e3o haver\u00e1 feira noturna da Pra\u00e7a Ant\u00f4nio Carlos. J\u00e1 as feiras diurnas dos Bairros S\u00e3o Mateus e Bandeirantes, ser\u00e3o realizadas normalmente.\u00a0<a href=\"https:\/\/www.pjf.mg.gov.br\/secretarias\/seapa\/feira_livre\/index.php\"><u>Acesse aqui<\/u><\/a>\u00a0e veja os endere\u00e7os.<\/p>\n<p>&nbsp;<\/p>\n<p>-Restaurante Popular:\u00a0\u00a0De s\u00e1bado, 1\u00ba de mar\u00e7o, a quarta-feira (5), funcionar\u00e1 com atendimento exclusivo para o p\u00fablico autorizado pela Assist\u00eancia Social.<\/p>\n<p>&nbsp;<\/p>\n<p>-Casa da Mulher:\u00a0n\u00e3o far\u00e1 atendimentos do dia 1\u00ba ao dia 5 de mar\u00e7o. Retornaremos \u00e0s atividades normais no dia 6. Hor\u00e1rio de funcionamento: 08h00 \u00e0s 17h00<br \/>\n-Assist\u00eancia Social:\u00a0Cras, Creas e Centro Pop param na sexta (28) e voltam na quinta (6).<\/p>\n<p>Casas de Passagem, Nupop funcionam normalmente todos os dias nos hor\u00e1rios j\u00e1 convencionados.<\/p>\n<p>&nbsp;<\/p>\n<p>-Conselhos Tutelares:\u00a0Conselhos Tutelares: Funcionam em esquema de plant\u00e3o, pelos telefones: Norte\/nordeste: 98429-4740; \/ Norte: 98506-2939; Centro\/sudeste: 98838-3193; Sul\/Oeste: 98431-4793; e Leste: 98463-0980<\/p>\n<p>&nbsp;<\/p>\n<p>-Funalfa:\u00a0O CCBM estar\u00e1 com as atividades j\u00e1 agendadas ocorrendo normalmente. Por sua vez, os demais espa\u00e7os sob responsabilidade da Funalfa, incluindo o Teatro Paschoal Carlos Magno e o Museu Ferrovi\u00e1rio, estar\u00e3o em recesso de 1\u00ba a 5 de mar\u00e7o.<\/p>\n<p>&nbsp;<\/p>\n<p>-Espa\u00e7o Cidade:\u00a0O Espa\u00e7o Cidade retornar\u00e1 suas atividades s\u00f3 dia 6 (quinta-feira)<\/p>\n<p>&nbsp;<\/p>\n<p>-Parque Municipal:\u00a0Parque Municipal com funcionamento normal de s\u00e1bado a ter\u00e7a-feira, fechando somente na quarta-feira de cinzas (5) para manuten\u00e7\u00e3o.<\/p>\n<p>&nbsp;<\/p>\n<p>-Museu Mariano Proc\u00f3pio:\u00a0O Parque e o Museu Mariano Proc\u00f3pio funcionar\u00e3o no s\u00e1bado e domingo, no hor\u00e1rio normal. Os espa\u00e7os ficar\u00e3o fechados na segunda, ter\u00e7a e quarta e\u00a0retornar\u00e3o com suas atividades na quinta-feira, 6.<\/p>\n<p>&nbsp;<\/p>\n<p>-Parque da Lajinha:\u00a0O parque fica fechado na quarta-feira de cinzas (5). Nos demais dias, funcionar\u00e1 em hor\u00e1rio normal, de 8h \u00e0s 17h<\/p>\n<p>&nbsp;<\/p>\n<p>-Ag\u00eancia de Prote\u00e7\u00e3o e Defesa do Consumidor (Procon):\u00a0O Procon n\u00e3o funcionar\u00e1 no carnaval. O atendimento ao p\u00fablico retorna na quinta-feira, dia 6.<\/p>\n<p>&nbsp;<\/p>\n<p>-Departamento de Informa\u00e7\u00e3o Geral e Atendimento (Diga):\u00a0N\u00e3o atender\u00e1 ao p\u00fablico durante os dias de Carnaval, mas o cidad\u00e3o pode protocolar seu requerimento atrav\u00e9s do Prefeitura \u00c1gil. Os DIGAs retornam \u00e0s atividades presenciais na quinta-feira, 6.<\/p>\n<p>&nbsp;<\/p>\n<p>-Ouvidorias Municipais:\u00a0As Ouvidorias Municipais n\u00e3o funcionar\u00e3o na segunda-feira, 3, ter\u00e7a-feira, 4 e quarta-feira, 5. Durante esses dias, os cidad\u00e3os poder\u00e3o registrar suas manifesta\u00e7\u00f5es e pedidos de acesso \u00e0 informa\u00e7\u00e3o por meio do site:\u00a0<a href=\"http:\/\/juizdefora.eouve.com.br\/\"><u>Clique aqui<\/u><\/a><\/p>\n","protected":false},"excerpt":{"rendered":"<p>Segundo informa\u00e7\u00f5es do site da Prefeitura de Juiz de Fora (PJF),\u00a0 em fun\u00e7\u00e3o do Carnaval, na pr\u00f3xima semana, os servi\u00e7os da Prefeitura de Juiz de Fora (PJF) ter\u00e3o altera\u00e7\u00f5es de segunda a quarta, de 1 \u00e0 4 de mar\u00e7o. Confira como fica o funcionamento durante o feriado: &nbsp; -Companhia de Saneamento Municipal (Cesama):\u00a0Ir\u00e1 trabalhar em [&hellip;]<\/p>\n","protected":false},"author":246,"featured_media":227059,"comment_status":"closed","ping_status":"closed","sticky":false,"template":"","format":"standard","meta":{"footnotes":""},"categories":[253,436,440,439],"tags":[],"class_list":["post-227058","post","type-post","status-publish","format-standard","has-post-thumbnail","hentry","category-cidade","category-destaque-da-semana","category-destaques-do-dia","category-ultima-hora"],"_links":{"self":[{"href":"https:\/\/diarioregionaldigital.com.br\/index.php?rest_route=\/wp\/v2\/posts\/227058","targetHints":{"allow":["GET"]}}],"collection":[{"href":"https:\/\/diarioregionaldigital.com.br\/index.php?rest_route=\/wp\/v2\/posts"}],"about":[{"href":"https:\/\/diarioregionaldigital.com.br\/index.php?rest_route=\/wp\/v2\/types\/post"}],"author":[{"embeddable":true,"href":"https:\/\/diarioregionaldigital.com.br\/index.php?rest_route=\/wp\/v2\/users\/246"}],"replies":[{"embeddable":true,"href":"https:\/\/diarioregionaldigital.com.br\/index.php?rest_route=%2Fwp%2Fv2%2Fcomments&post=227058"}],"version-history":[{"count":1,"href":"https:\/\/diarioregionaldigital.com.br\/index.php?rest_route=\/wp\/v2\/posts\/227058\/revisions"}],"predecessor-version":[{"id":227060,"href":"https:\/\/diarioregionaldigital.com.br\/index.php?rest_route=\/wp\/v2\/posts\/227058\/revisions\/227060"}],"wp:featuredmedia":[{"embeddable":true,"href":"https:\/\/diarioregionaldigital.com.br\/index.php?rest_route=\/wp\/v2\/media\/227059"}],"wp:attachment":[{"href":"https:\/\/diarioregionaldigital.com.br\/index.php?rest_route=%2Fwp%2Fv2%2Fmedia&parent=227058"}],"wp:term":[{"taxonomy":"category","embeddable":true,"href":"https:\/\/diarioregionaldigital.com.br\/index.php?rest_route=%2Fwp%2Fv2%2Fcategories&post=227058"},{"taxonomy":"post_tag","embeddable":true,"href":"https:\/\/diarioregionaldigital.com.br\/index.php?rest_route=%2Fwp%2Fv2%2Ftags&post=227058"}],"curies":[{"name":"wp","href":"https:\/\/api.w.org\/{rel}","templated":true}]}}