{"id":227029,"date":"2025-02-26T20:12:50","date_gmt":"2025-02-26T23:12:50","guid":{"rendered":"https:\/\/diarioregionaldigital.com.br\/?p=227029"},"modified":"2025-02-26T20:12:50","modified_gmt":"2025-02-26T23:12:50","slug":"governo-de-minas-e-bh-airport-divulgam-atracoes-musicais-e-interativas-para-passageiros","status":"publish","type":"post","link":"https:\/\/diarioregionaldigital.com.br\/?p=227029","title":{"rendered":"Governo de Minas e BH Airport divulgam atra\u00e7\u00f5es musicais e interativas para passageiros"},"content":{"rendered":"<p>Com um dos carnavais mais famosos do Brasil, Belo Horizonte se prepara para receber milhares de turistas nos pr\u00f3ximos dias. A expectativa \u00e9 que cerca de 215 mil pessoas passem pelo Aeroporto Internacional de Belo Horizonte, em Confins, entre os dias 27\/2 e 6\/3.\u00a0E, para tornar a experi\u00eancia desses passageiros ainda mais especial, foram preparadas diversas atra\u00e7\u00f5es em parceria entre\u00a0<a href=\"http:\/\/www.mg.gov.br\/\" target=\"_blank\" rel=\"noopener\">Governo de Minas Gerais<\/a>, BH Airport,\u00a0<a href=\"http:\/\/www.fcs.mg.gov.br\/\" target=\"_blank\" rel=\"noopener\">Pal\u00e1cio das Artes<\/a>\u00a0e\u00a0<a href=\"http:\/\/www.policiamilitar.mg.gov.br\/\" target=\"_blank\" rel=\"noopener\">Pol\u00edcia Militar de Minas Gerais<\/a>.<\/p>\n<p>Em rela\u00e7\u00e3o a 2024, a proje\u00e7\u00e3o durante o Carnaval \u00e9 de um crescimento de 4% na movimenta\u00e7\u00e3o.\u00a0O dia de maior fluxo no per\u00edodo ser\u00e1 a sexta-feira (28\/2), quando o terminal deve receber aproximadamente 32 mil passageiros.<\/p>\n<p><strong>Programa\u00e7\u00e3o cultural<\/strong><\/p>\n<p>Nos dias 27 e 28\/2 (quinta e sexta-feira) e 1\/3 (s\u00e1bado), o terminal ser\u00e1 palco de apresenta\u00e7\u00f5es musicais e de dan\u00e7a no ritmo da folia, al\u00e9m de a\u00e7\u00f5es interativas com os passageiros. As performances est\u00e3o previstas para o\u00a0sagu\u00e3o do aeroporto, pr\u00f3ximo ao desembarque, garantindo uma recep\u00e7\u00e3o festiva a quem chega \u00e0 capital mineira.<\/p>\n<p>&#8220;Em parceria, estamos comprometidos com a realiza\u00e7\u00e3o de uma festa que combine a cultura da paz, inclus\u00e3o, diversidade e respeito \u00e0s tradi\u00e7\u00f5es culturais do estado, al\u00e9m de impulsionar a cozinha mineira, a m\u00fasica, a moda, o artesanato, a economia da criatividade como um todo&#8221;, destaca o vice-governador Professor Mateus.<\/p>\n<table border=\"0\" cellspacing=\"1\" cellpadding=\"1\" align=\"center\">\n<tbody>\n<tr>\n<td colspan=\"5\"><img decoding=\"async\" src=\"https:\/\/www.agenciaminas.mg.gov.br\/ckeditor_assets\/pictures\/20949\/content_2_olho_topo.jpg\" alt=\"\" \/><\/td>\n<\/tr>\n<tr>\n<td><\/td>\n<td colspan=\"3\" rowspan=\"3\">\n<h1><strong>&#8220;Estamos trabalhando para garantir que Minas Gerais tenha o melhor Carnaval e continue sendo o mais seguro do Brasil. Juntos, estamos posicionando Minas Gerais como principal destino cultural do Carnaval brasileiro&#8221;, afirma\u00a0Professor Mateus.<\/strong><\/h1>\n<\/td>\n<td><\/td>\n<\/tr>\n<tr>\n<td><\/td>\n<td><\/td>\n<\/tr>\n<tr>\n<td><\/td>\n<td><\/td>\n<\/tr>\n<tr>\n<td colspan=\"5\"><img decoding=\"async\" src=\"https:\/\/www.agenciaminas.mg.gov.br\/ckeditor_assets\/pictures\/20950\/content_2_olho_inferior.jpg\" alt=\"\" \/><\/td>\n<\/tr>\n<\/tbody>\n<\/table>\n<p>O CEO do BH Airport, Daniel Miranda, ressalta\u00a0que a iniciativa refor\u00e7a o compromisso do aeroporto em oferecer uma experi\u00eancia \u00fanica aos passageiros e contribuir para o fortalecimento do turismo em Minas Gerais.<\/p>\n<p>\u201cO mineiro \u00e9 conhecido por sua hospitalidade, e no BH Airport n\u00e3o poderia ser diferente. Vamos receber os turistas com a nossa tradicional aten\u00e7\u00e3o e qualidade de servi\u00e7o, mas tamb\u00e9m com muita m\u00fasica, arte e festa, no verdadeiro esp\u00edrito do Carnaval. Para o BH Airport, oportunidades como essa s\u00e3o fundamentais para continuar fomentando o turismo no estado e fortalecendo nossa economia\u201d, afirma.<\/p>\n<p>A programa\u00e7\u00e3o conta com apresenta\u00e7\u00f5es de grupos musicais formados por artistas mineiros, que fazem parte de blocos de carnaval de Belo Horizonte e regi\u00e3o. Al\u00e9m dos m\u00fasicos, uma passista e uma porta-bandeira dar\u00e3o boas-vindas aos passageiros com muito samba no p\u00e9.<\/p>\n<p>Durante os tr\u00eas dias de programa\u00e7\u00e3o, tamb\u00e9m haver\u00e1 atividades interativas, como distribui\u00e7\u00e3o de adere\u00e7os carnavalescos, ativa\u00e7\u00f5es surpresas no terminal e um painel instagram\u00e1vel para que os passageiros registrem o momento.<\/p>\n<blockquote><p><em><a href=\"https:\/\/www.agenciaminas.mg.gov.br\/ckeditor_assets\/attachments\/22503\/programacao_bhairport.pdf\" target=\"_blank\" rel=\"noopener\">Clique aqui<\/a>\u00a0para conferir a programa\u00e7\u00e3o completa no Aeroporto Internacional de Belo Horizonte.<\/p>\n<p><\/em>Fonte: Ag\u00eancia Minas<\/p><\/blockquote>\n","protected":false},"excerpt":{"rendered":"<p>Com um dos carnavais mais famosos do Brasil, Belo Horizonte se prepara para receber milhares de turistas nos pr\u00f3ximos dias. A expectativa \u00e9 que cerca de 215 mil pessoas passem pelo Aeroporto Internacional de Belo Horizonte, em Confins, entre os dias 27\/2 e 6\/3.\u00a0E, para tornar a experi\u00eancia desses passageiros ainda mais especial, foram preparadas [&hellip;]<\/p>\n","protected":false},"author":246,"featured_media":227030,"comment_status":"closed","ping_status":"closed","sticky":false,"template":"","format":"standard","meta":{"footnotes":""},"categories":[436,261,254,439],"tags":[],"class_list":["post-227029","post","type-post","status-publish","format-standard","has-post-thumbnail","hentry","category-destaque-da-semana","category-economia","category-politica","category-ultima-hora"],"_links":{"self":[{"href":"https:\/\/diarioregionaldigital.com.br\/index.php?rest_route=\/wp\/v2\/posts\/227029","targetHints":{"allow":["GET"]}}],"collection":[{"href":"https:\/\/diarioregionaldigital.com.br\/index.php?rest_route=\/wp\/v2\/posts"}],"about":[{"href":"https:\/\/diarioregionaldigital.com.br\/index.php?rest_route=\/wp\/v2\/types\/post"}],"author":[{"embeddable":true,"href":"https:\/\/diarioregionaldigital.com.br\/index.php?rest_route=\/wp\/v2\/users\/246"}],"replies":[{"embeddable":true,"href":"https:\/\/diarioregionaldigital.com.br\/index.php?rest_route=%2Fwp%2Fv2%2Fcomments&post=227029"}],"version-history":[{"count":1,"href":"https:\/\/diarioregionaldigital.com.br\/index.php?rest_route=\/wp\/v2\/posts\/227029\/revisions"}],"predecessor-version":[{"id":227031,"href":"https:\/\/diarioregionaldigital.com.br\/index.php?rest_route=\/wp\/v2\/posts\/227029\/revisions\/227031"}],"wp:featuredmedia":[{"embeddable":true,"href":"https:\/\/diarioregionaldigital.com.br\/index.php?rest_route=\/wp\/v2\/media\/227030"}],"wp:attachment":[{"href":"https:\/\/diarioregionaldigital.com.br\/index.php?rest_route=%2Fwp%2Fv2%2Fmedia&parent=227029"}],"wp:term":[{"taxonomy":"category","embeddable":true,"href":"https:\/\/diarioregionaldigital.com.br\/index.php?rest_route=%2Fwp%2Fv2%2Fcategories&post=227029"},{"taxonomy":"post_tag","embeddable":true,"href":"https:\/\/diarioregionaldigital.com.br\/index.php?rest_route=%2Fwp%2Fv2%2Ftags&post=227029"}],"curies":[{"name":"wp","href":"https:\/\/api.w.org\/{rel}","templated":true}]}}