{"id":227019,"date":"2025-02-26T20:09:35","date_gmt":"2025-02-26T23:09:35","guid":{"rendered":"https:\/\/diarioregionaldigital.com.br\/?p=227019"},"modified":"2025-02-26T20:09:35","modified_gmt":"2025-02-26T23:09:35","slug":"minas-avanca-e-passa-da-marca-positiva-de-4-mil-empregos-formais","status":"publish","type":"post","link":"https:\/\/diarioregionaldigital.com.br\/?p=227019","title":{"rendered":"Minas avan\u00e7a e passa da marca positiva de 4 mil empregos formais"},"content":{"rendered":"<p>Os dados do Novo Cadastro Geral de Empregados e Desempregados (Novo Caged), divulgados nesta quarta-feira\u00a0(26\/2), confirmam a for\u00e7a e a resili\u00eancia do mercado de trabalho mineiro. Em janeiro de 2025, o estado registrou a cria\u00e7\u00e3o de 4.040 postos de trabalho formais, resultado de 236.381 admiss\u00f5es e 232.341 desligamentos. Esse saldo positivo reafirma a import\u00e2ncia de Minas no cen\u00e1rio econ\u00f4mico nacional.<\/p>\n<table border=\"0\" cellspacing=\"1\" cellpadding=\"1\" align=\"center\">\n<tbody>\n<tr>\n<td colspan=\"5\"><img decoding=\"async\" src=\"https:\/\/www.agenciaminas.mg.gov.br\/ckeditor_assets\/pictures\/20949\/content_2_olho_topo.jpg\" alt=\"\" \/><\/td>\n<\/tr>\n<tr>\n<td><\/td>\n<td colspan=\"3\" rowspan=\"3\">\n<h1><strong>&#8220;O Governo de Minas tem o compromisso de criar um ambiente atrativo para investimentos no estado e de promover qualifica\u00e7\u00e3o profissional. Desde o primeiro dia da minha gest\u00e3o, assumimos o compromisso de colocar o Estado nos trilhos, equilibrar as contas e gerar mais emprego e renda para os mineiros&#8221;,\u00a0ressalta o governador Romeu Zema.<\/strong><\/h1>\n<\/td>\n<td><\/td>\n<\/tr>\n<tr>\n<td><\/td>\n<td><\/td>\n<\/tr>\n<tr>\n<td><\/td>\n<td><\/td>\n<\/tr>\n<tr>\n<td colspan=\"5\"><img decoding=\"async\" src=\"https:\/\/www.agenciaminas.mg.gov.br\/ckeditor_assets\/pictures\/20950\/content_2_olho_inferior.jpg\" alt=\"\" \/><\/td>\n<\/tr>\n<\/tbody>\n<\/table>\n<p>&#8220;\u00c9 muito gratificante ver frutos desse trabalho para melhorar de fato a vida das pessoas&#8221;, completa o governador.<\/p>\n<p>A cria\u00e7\u00e3o constante de empregos \u00e9 uma prioridade para o\u00a0<a href=\"https:\/\/www.mg.gov.br\/\" target=\"_blank\" rel=\"noopener\">Governo de Minas<\/a>, que segue comprometido com pol\u00edticas p\u00fablicas voltadas para a qualifica\u00e7\u00e3o profissional e a atra\u00e7\u00e3o de novos investimentos. A amplia\u00e7\u00e3o das oportunidades de trabalho beneficia tanto os que buscam uma coloca\u00e7\u00e3o quanto aqueles que geram postos de trabalho.<\/p>\n<p>\u201cMinas segue firme na miss\u00e3o de promover a inclus\u00e3o social e o desenvolvimento econ\u00f4mico por meio da gera\u00e7\u00e3o de novas oportunidades para a popula\u00e7\u00e3o mineira\u201d, destaca a secret\u00e1ria de\u00a0<a href=\"https:\/\/social.mg.gov.br\/\" target=\"_blank\" rel=\"noopener\">Estado de Desenvolvimento Social<\/a>, Al\u00ea Portela.<\/p>\n<p><strong>Estoque de empregos formais<\/strong><\/p>\n<p>Minas segue como o segundo estado do Brasil com o maior n\u00famero de pessoas no regime celetista, de acordo com os dados mais recentes do Caged, totalizando 4.914.606 trabalhadores registrados, atr\u00e1s apenas de S\u00e3o Paulo. Esse dado reflete o n\u00famero de pessoas com carteira assinada, tanto no setor p\u00fablico quanto privado, e destaca a for\u00e7a do mercado de trabalho mineiro, al\u00e9m da confian\u00e7a dos empregadores na economia do estado.<\/p>\n<p>Desde 2019, Minas tem se aproximado cada vez mais de superar a marca de 1 milh\u00e3o de postos de trabalho formais criados at\u00e9 2026. A an\u00e1lise dos dados aponta para um cen\u00e1rio positivo, com o estado demonstrando uma trajet\u00f3ria consistente de gera\u00e7\u00e3o de empregos. Nos \u00faltimos anos, Minas j\u00e1 acumulou 879.636 postos de trabalho, evidenciando o crescimento cont\u00ednuo e a resili\u00eancia da economia mineira.<\/p>\n<p>Como exemplo de reintegra\u00e7\u00e3o ao mercado de trabalho, Aguilar Tavares Coelho, de 37 anos, encontrou uma oportunidade por meio do portal Sine. Ap\u00f3s um per\u00edodo no seguro-desemprego, ele se candidatou a uma vaga e foi contratado para atuar em um restaurante. Com experi\u00eancia na \u00e1rea, Aguilar trabalha h\u00e1 tr\u00eas meses na m\u00e1quina de esteriliza\u00e7\u00e3o de pratos e talheres e busca crescer dentro da empresa, aproveitando sua viv\u00eancia no atendimento ao p\u00fablico.<\/p>\n<p>\u201cPercebi que o atendimento virtual pelo portal \u00e9 muito mais eficiente, pois muitas vezes as pessoas n\u00e3o t\u00eam recursos para se deslocar. O portal facilita muito, oferecendo a chance de buscar vagas on-line. Isso \u00e9 realmente positivo, e eu recomendo bastante\u201d, afirma o trabalhador.<\/p>\n<p><strong>Setores em destaque<\/strong><\/p>\n<p>Os setores produtivos de Minas Gerais tiveram um papel fundamental nesse saldo positivo. A Ind\u00fastria liderou a cria\u00e7\u00e3o de empregos, com a abertura de 8.177 novas vagas. Na sequ\u00eancia, a Constru\u00e7\u00e3o Civil gerou 4.093 postos de trabalho, e a Agricultura contribuiu com 1.279 empregos. Esses dados refletem a diversidade e a for\u00e7a dos setores econ\u00f4micos do estado.<\/p>\n<p><strong>Compromisso com a empregabilidade<\/strong><\/p>\n<p>A expectativa \u00e9 que, ao longo de 2025, Minas continue sua trajet\u00f3ria de crescimento, avan\u00e7ando ainda mais com as oportunidades de trabalho e contribuindo para o desenvolvimento social e econ\u00f4mico do estado. O Governo de Minas segue empenhado em implementar pol\u00edticas p\u00fablicas que fortale\u00e7am o mercado de trabalho e promovam uma economia cada vez mais s\u00f3lida e inclusiva.<\/p>\n<p>Fonte: Ag\u00eancia Minas<\/p>\n","protected":false},"excerpt":{"rendered":"<p>Os dados do Novo Cadastro Geral de Empregados e Desempregados (Novo Caged), divulgados nesta quarta-feira\u00a0(26\/2), confirmam a for\u00e7a e a resili\u00eancia do mercado de trabalho mineiro. Em janeiro de 2025, o estado registrou a cria\u00e7\u00e3o de 4.040 postos de trabalho formais, resultado de 236.381 admiss\u00f5es e 232.341 desligamentos. Esse saldo positivo reafirma a import\u00e2ncia de [&hellip;]<\/p>\n","protected":false},"author":246,"featured_media":227020,"comment_status":"closed","ping_status":"closed","sticky":false,"template":"","format":"standard","meta":{"footnotes":""},"categories":[436,440,261,439],"tags":[],"class_list":["post-227019","post","type-post","status-publish","format-standard","has-post-thumbnail","hentry","category-destaque-da-semana","category-destaques-do-dia","category-economia","category-ultima-hora"],"_links":{"self":[{"href":"https:\/\/diarioregionaldigital.com.br\/index.php?rest_route=\/wp\/v2\/posts\/227019","targetHints":{"allow":["GET"]}}],"collection":[{"href":"https:\/\/diarioregionaldigital.com.br\/index.php?rest_route=\/wp\/v2\/posts"}],"about":[{"href":"https:\/\/diarioregionaldigital.com.br\/index.php?rest_route=\/wp\/v2\/types\/post"}],"author":[{"embeddable":true,"href":"https:\/\/diarioregionaldigital.com.br\/index.php?rest_route=\/wp\/v2\/users\/246"}],"replies":[{"embeddable":true,"href":"https:\/\/diarioregionaldigital.com.br\/index.php?rest_route=%2Fwp%2Fv2%2Fcomments&post=227019"}],"version-history":[{"count":2,"href":"https:\/\/diarioregionaldigital.com.br\/index.php?rest_route=\/wp\/v2\/posts\/227019\/revisions"}],"predecessor-version":[{"id":227022,"href":"https:\/\/diarioregionaldigital.com.br\/index.php?rest_route=\/wp\/v2\/posts\/227019\/revisions\/227022"}],"wp:featuredmedia":[{"embeddable":true,"href":"https:\/\/diarioregionaldigital.com.br\/index.php?rest_route=\/wp\/v2\/media\/227020"}],"wp:attachment":[{"href":"https:\/\/diarioregionaldigital.com.br\/index.php?rest_route=%2Fwp%2Fv2%2Fmedia&parent=227019"}],"wp:term":[{"taxonomy":"category","embeddable":true,"href":"https:\/\/diarioregionaldigital.com.br\/index.php?rest_route=%2Fwp%2Fv2%2Fcategories&post=227019"},{"taxonomy":"post_tag","embeddable":true,"href":"https:\/\/diarioregionaldigital.com.br\/index.php?rest_route=%2Fwp%2Fv2%2Ftags&post=227019"}],"curies":[{"name":"wp","href":"https:\/\/api.w.org\/{rel}","templated":true}]}}