{"id":227013,"date":"2025-02-25T19:57:15","date_gmt":"2025-02-25T22:57:15","guid":{"rendered":"https:\/\/diarioregionaldigital.com.br\/?p=227013"},"modified":"2025-02-25T19:57:15","modified_gmt":"2025-02-25T22:57:15","slug":"margarida-salomao-anuncia-projeto-para-a-obtencao-de-r-660-milhoes-para-investimentos-em-modernizacao-e-inovacao","status":"publish","type":"post","link":"https:\/\/diarioregionaldigital.com.br\/?p=227013","title":{"rendered":"Margarida Salom\u00e3o anuncia projeto para a obten\u00e7\u00e3o de R$ 660 milh\u00f5es para investimentos em moderniza\u00e7\u00e3o e inova\u00e7\u00e3o"},"content":{"rendered":"<p>Segundo informa\u00e7\u00f5es do site da Prefeitura de Juiz de Fora (PJF), resolver os problemas do presente e preparar a cidade para o futuro: com esse objetivo, a Prefeitura de Juiz de Fora enviou projeto \u00e0 C\u00e2mara a fim de obter autoriza\u00e7\u00e3o para empr\u00e9stimo junto ao Banco Nacional de Desenvolvimento Econ\u00f4mico e Social (BNDES). O Executivo pretende receber at\u00e9 R$ 660 milh\u00f5es para investir em iniciativas que aliam sustentabilidade \u00e0 inova\u00e7\u00e3o.<\/p>\n<div id=\"box_texto_noticia\">\n<p><strong>Os programas a serem financiados s\u00e3o:<\/strong><\/p>\n<p>Revitaliza\u00e7\u00e3o e urbaniza\u00e7\u00e3o do Centro Hist\u00f3rico de Juiz de Fora\u00a0 &#8211; R$ 220 milh\u00f5es<\/p>\n<p>Ciclovia e requalifica\u00e7\u00e3o das margens do Rio Paraibuna &#8211; R$ 150 milh\u00f5es<\/p>\n<p>Constru\u00e7\u00e3o da Quinta Adutora &#8211; R$ 160 milh\u00f5es<\/p>\n<p>Esta\u00e7\u00e3o de Tratamento de \u00c1gua de Chap\u00e9u D\u2019Uvas &#8211; R$ 40 milh\u00f5es<\/p>\n<p>Usinagem de res\u00edduos s\u00f3lidos &#8211; R$ 50 milh\u00f5es<\/p>\n<p>Governan\u00e7a Digital e Inteligente &#8211; R$ 60 milh\u00f5es<\/p>\n<p>\u201cEsses s\u00e3o projetos necess\u00e1rios para fazer de Juiz de Fora uma cidade melhor, uma cidade resiliente, uma cidade \u00e0 frente de seu tempo. Mas, t\u00e3o importante quanto isso, s\u00e3o projetos que podem fazer de Juiz de Fora uma refer\u00eancia neste sentido para todo o Brasil, assim como Medellin \u00e9 refer\u00eancia internacional. Juiz de Fora tem essa voca\u00e7\u00e3o inovadora, sejamos inovadores!\u201d<\/p>\n<p><strong>Centro Hist\u00f3rico<\/strong><\/p>\n<p>Os projetos para o Centro Hist\u00f3rico visam \u00e0 revitaliza\u00e7\u00e3o e a qualifica\u00e7\u00e3o da \u00e1rea recentemente delimitada pela Prefeitura. Isso inclui a cria\u00e7\u00e3o dos cal\u00e7ad\u00f5es da Marechal e da Batista de Oliveira, a revitaliza\u00e7\u00e3o da Avenida Get\u00falio Vargas (com amplia\u00e7\u00e3o das cal\u00e7adas e ciclovia), a cria\u00e7\u00e3o do shopping do Com\u00e9rcio Popular, o aterramento de toda a fia\u00e7\u00e3o (el\u00e9trica e de telecomunica\u00e7\u00f5es) e separa\u00e7\u00e3o da canaliza\u00e7\u00e3o de \u00e1guas pluviais e de esgoto em todas a vias.<br \/>\n\u201cA cidade pertence \u00e0s pessoas. Por isso, esses projetos priorizam quem transita pelo centro \u00e0 p\u00e9. Oferecemos mais qualidade de vida a quem trabalha no Centro, ou mora ali. Isso inclui at\u00e9 mesmo o plantio de mais \u00e1rvores, para mais conforto t\u00e9rmico\u201d, destacou a Secret\u00e1ria de Desenvolvimento Urbano com Participa\u00e7\u00e3o Popular, Cidinha Louzada.<\/p>\n<p>\u201cPensamos que \u00e9 fundamental refor\u00e7ar que a drenagem no Centro atual foi feita com uma estrutura antiga, em regime misto. \u00c9 necess\u00e1rio fazer essa interven\u00e7\u00e3o, separando \u00e1gua pluvial do esgoto, para que a gente trate s\u00f3 o esgoto\u201d, diretor-presidente da Cesama, Lincoln Santos<\/p>\n<p><strong>Ciclovia e requalifica\u00e7\u00e3o das margens do Rio Paraibuna\u00a0<\/strong><\/p>\n<p>O investimento prev\u00ea a\u00a0<strong>requalifica\u00e7\u00e3o<\/strong>\u00a0de ambas as margens do Rio Paraibuna, com nova estrutura de conten\u00e7\u00e3o, ampliando a vaz\u00e3o ao mesmo tempo em que se ganha margem para a cria\u00e7\u00e3o de um parque linear na margem direita. Nesse local, tamb\u00e9m ser\u00e1 instalada uma c<strong>iclovia que conectar\u00e1 a regi\u00e3o Norte, n<\/strong>o bairro Barreira do Triunfo, at\u00e9 a Vila Furtado de Menezes, na regi\u00e3o Sudeste.<\/p>\n<p>\u201cEsse projeto inspira-se no caso bem sucedido realizado em S\u00e3o Paulo, no Rio Pinheiros. Vamos cuidar do nosso rio, reduzindo o risco de novas enchentes, ao mesmo tempo em que oferecemos mais uma \u00e1rea de lazer para a cidade\u201d, destacou Lincoln Santos.<br \/>\n<strong>Esta\u00e7\u00e3o de tratamento de \u00e1gua (ETA) Chap\u00e9u D\u2019Uvas<\/strong>\u00a0e\u00a0<strong>Quinta adutora<\/strong><br \/>\nO projeto prev\u00ea a convers\u00e3o da adutora de Chap\u00e9u D&#8217;Uvas, que \u00e9 de \u00e1gua bruta, em adutora de \u00e1gua tratada. Com a nova ETA, a amplia\u00e7\u00e3o da oferta de \u00e1gua pot\u00e1vel ser\u00e1 de 50% no munic\u00edpio,\u00a0 aumentando a capacidade de processamento garantindo \u00e1gua tratada para toda a cidade. Al\u00e9m da nova esta\u00e7\u00e3o, ser\u00e3o constru\u00eddos dois novos reservat\u00f3rios e um novo booster \u2013 garantindo mais seguran\u00e7a h\u00eddrica para a cidade.<\/p>\n<p>Esse sistema ser\u00e1 interligado \u00e0 rede tronco do Salvaterra, tamb\u00e9m constru\u00edda pela administra\u00e7\u00e3o Margarida Salom\u00e3o. Isso tudo ir\u00e1 garantir o abastecimento de \u00e1gua para a regi\u00e3o em que ir\u00e1 se estabelecer o maior crescimento nos pr\u00f3ximos anos: a parte oeste da BR-040, que compreende o \u201cCorredor da Tecnologia e Inova\u00e7\u00e3o\u201d e o Parque Tecnol\u00f3gico garantindo infraestrutura para as ind\u00fastrias situadas nesta regi\u00e3o.<\/p>\n<p>\u201cCom isso, n\u00f3s vamos tratar a \u00e1gua e distribuir a \u00e1gua pela rede de adutora que j\u00e1 existe, garantindo o aumento de tratamento de \u00e1gua em 50% na cidade\u201d, destacou o diretor presidente da Cesama, Lincoln Santos.<\/p>\n<p><strong>Usinagem de res\u00edduos s\u00f3lidos<\/strong><\/p>\n<p>Projeto realizado em parceria com a Universidade Federal de Juiz de Fora, no Distrito Industrial, a usina ter\u00e1 capacidade de processamento de 100 toneladas por dia, reduzindo o gasto do munic\u00edpio com o aterramento e incinera\u00e7\u00e3o do lixo, al\u00e9m de gerar receitas.<\/p>\n<p>Com previs\u00e3o de in\u00edcio de funcionamento em 2027, o projeto prev\u00ea o uso do res\u00edduo s\u00f3lido de lixo como meio para produ\u00e7\u00e3o de energia. A previs\u00e3o \u00e9 de que a produ\u00e7\u00e3o de biometano (que substitui g\u00e1s natural e g\u00e1s natural veicular) seja na ordem de 6 mil m\u00b3 por dia (182,5 mil m\u00b3 por m\u00eas, 2,19 milh\u00f5es de m\u00b3 por ano), o que \u00e9 capaz de abastecer diariamente de 30 a 40 \u00f4nibus urbanos.<\/p>\n<p>\u201cJuiz de Fora ser\u00e1 a primeira prefeitura do Brasil a fazer isso: ter em pleno funcionamento uma usina de res\u00edduos s\u00f3lidos\u201d, destacou\u00a0 a diretora-presidente do Demlurb, Franciane Pav\u00e3o.<\/p>\n<p><strong>Governan\u00e7a digital e inteligente &#8211; Prefeitura integrada\u00a0<\/strong><\/p>\n<p>A atual estrutura da Prefeitura de Juiz de Fora possui dezenas de sistemas de levantamento de dados, mas, na pr\u00e1tica eles n\u00e3o dialogam, o que resulta em inefici\u00eancia para o cidad\u00e3o. Com o investimento, ser\u00e1 poss\u00edvel realizar uma Integra\u00e7\u00e3o dos acervos de dados &#8211; ganhos em transpar\u00eancia e conforto para o cidad\u00e3o<\/p>\n<p>Al\u00e9m de um uso mais moderno da estrutura de dados da Prefeitura, o projeto prev\u00ea, ainda, compra de novos equipamentos para escolas e UBSs: tablets para\u00a0 todos os alunos; laptops para todos os educadores; letramento digital, com lousa digital, al\u00e9m da amplia\u00e7\u00e3o da conectividade entre todos os equipamentos p\u00fablicos do munic\u00edpio<\/p>\n<p><strong>Condi\u00e7\u00f5es atrativas de cr\u00e9dito<\/strong><\/p>\n<p>Os recursos ser\u00e3o obtidos atrav\u00e9s das linhas de financiamento do \u201cBNDES Finem\u201d e do \u201cFundo Clima\u201d, em condi\u00e7\u00f5es atrativas para o munic\u00edpio: com juros m\u00e1ximos de 90% da taxa Selic ao ano (taxa b\u00e1sica de juros da economia). O prazo de quita\u00e7\u00e3o \u00e9 de at\u00e9 25 anos, com car\u00eancia de cinco anos, ou seja, com os primeiros cinco anos com pagamento de juros e, na sequ\u00eancia, o in\u00edcio do pagamento do montante.<\/p>\n<p>\u201c\u00c9 importante tamb\u00e9m destacar que estamos investindo em linhas de oferta de cr\u00e9dito que j\u00e1 existem, com esses tipos de projetos. Algu\u00e9m poderia questionar o porqu\u00ea de n\u00e3o investirmos no HPS, por exemplo. Estamos fazendo convergir os projetos com as linhas de cr\u00e9dito ofertadas por este banco p\u00fablico, que tem \u00e1reas de investimento espec\u00edficas\u201d, destacou a prefeita ao lembrar que Juiz de Fora hoje possui o selo do Capacidade de Pagamento A, emitido pelo Tesouro Nacional, da Secretaria do Tesouro Nacional. Em 2021, esse selo era o C.<\/p>\n<p>O primeiro passo para a obten\u00e7\u00e3o do financiamento \u00e9 a autoriza\u00e7\u00e3o legislativa pela C\u00e2mara Municipal. Concedida a autoriza\u00e7\u00e3o legislativa, o projeto \u00e9 enviado para a an\u00e1lise do BNDES.<\/p>\n<div><\/div>\n<\/div>\n<p>&nbsp;<\/p>\n<div class=\"texto_anexo\"><img loading=\"lazy\" decoding=\"async\" src=\"https:\/\/www.pjf.mg.gov.br\/imagens\/clips.jpg\" width=\"22\" height=\"20\" \/>\u00a0<a href=\"https:\/\/www.pjf.mg.gov.br\/noticias\/anexo\/20250224-BNDES-v3(2)_compressed.pdf\" target=\"_blank\" rel=\"noopener\">Veja o anexo<\/a><\/div>\n","protected":false},"excerpt":{"rendered":"<p>Segundo informa\u00e7\u00f5es do site da Prefeitura de Juiz de Fora (PJF), resolver os problemas do presente e preparar a cidade para o futuro: com esse objetivo, a Prefeitura de Juiz de Fora enviou projeto \u00e0 C\u00e2mara a fim de obter autoriza\u00e7\u00e3o para empr\u00e9stimo junto ao Banco Nacional de Desenvolvimento Econ\u00f4mico e Social (BNDES). O Executivo [&hellip;]<\/p>\n","protected":false},"author":246,"featured_media":227014,"comment_status":"closed","ping_status":"closed","sticky":false,"template":"","format":"standard","meta":{"footnotes":""},"categories":[253,436,440,439],"tags":[],"class_list":["post-227013","post","type-post","status-publish","format-standard","has-post-thumbnail","hentry","category-cidade","category-destaque-da-semana","category-destaques-do-dia","category-ultima-hora"],"_links":{"self":[{"href":"https:\/\/diarioregionaldigital.com.br\/index.php?rest_route=\/wp\/v2\/posts\/227013","targetHints":{"allow":["GET"]}}],"collection":[{"href":"https:\/\/diarioregionaldigital.com.br\/index.php?rest_route=\/wp\/v2\/posts"}],"about":[{"href":"https:\/\/diarioregionaldigital.com.br\/index.php?rest_route=\/wp\/v2\/types\/post"}],"author":[{"embeddable":true,"href":"https:\/\/diarioregionaldigital.com.br\/index.php?rest_route=\/wp\/v2\/users\/246"}],"replies":[{"embeddable":true,"href":"https:\/\/diarioregionaldigital.com.br\/index.php?rest_route=%2Fwp%2Fv2%2Fcomments&post=227013"}],"version-history":[{"count":1,"href":"https:\/\/diarioregionaldigital.com.br\/index.php?rest_route=\/wp\/v2\/posts\/227013\/revisions"}],"predecessor-version":[{"id":227015,"href":"https:\/\/diarioregionaldigital.com.br\/index.php?rest_route=\/wp\/v2\/posts\/227013\/revisions\/227015"}],"wp:featuredmedia":[{"embeddable":true,"href":"https:\/\/diarioregionaldigital.com.br\/index.php?rest_route=\/wp\/v2\/media\/227014"}],"wp:attachment":[{"href":"https:\/\/diarioregionaldigital.com.br\/index.php?rest_route=%2Fwp%2Fv2%2Fmedia&parent=227013"}],"wp:term":[{"taxonomy":"category","embeddable":true,"href":"https:\/\/diarioregionaldigital.com.br\/index.php?rest_route=%2Fwp%2Fv2%2Fcategories&post=227013"},{"taxonomy":"post_tag","embeddable":true,"href":"https:\/\/diarioregionaldigital.com.br\/index.php?rest_route=%2Fwp%2Fv2%2Ftags&post=227013"}],"curies":[{"name":"wp","href":"https:\/\/api.w.org\/{rel}","templated":true}]}}