{"id":227001,"date":"2025-02-24T19:40:54","date_gmt":"2025-02-24T22:40:54","guid":{"rendered":"https:\/\/diarioregionaldigital.com.br\/?p=227001"},"modified":"2025-02-24T19:40:54","modified_gmt":"2025-02-24T22:40:54","slug":"oficina-gratuita-de-artesanato-no-centro-cultural-bernardo-mascarenhas-segue-com-inscricoes-abertas","status":"publish","type":"post","link":"https:\/\/diarioregionaldigital.com.br\/?p=227001","title":{"rendered":"Oficina gratuita de artesanato no Centro Cultural Bernardo Mascarenhas segue com inscri\u00e7\u00f5es abertas"},"content":{"rendered":"<p>Segundo informa\u00e7\u00f5es do site da Prefeitura de Juiz de Fora (PJF), as inscri\u00e7\u00f5es para a oficina gratuita de artesanato no Centro Cultural Bernardo Mascarenhas (CCBM) seguem abertas. A iniciativa, apoiada pela Funda\u00e7\u00e3o Cultural Alfredo Ferreira Lage (Funalfa), \u00e9 voltada para pessoas em situa\u00e7\u00e3o de vulnerabilidade social e oferece aulas com t\u00e9cnicas b\u00e1sicas de artesanato.<\/p>\n<p>Os interessados devem se inscrever na sede da Sociedade Beneficente Sopa dos Pobres (Rua Santo Ant\u00f4nio 110, Centro), de segunda a sexta-feira, das 8h \u00e0s 12h, ou pelo telefone (32) 3211-8401, no mesmo hor\u00e1rio.<\/p>\n<p>As aulas acontecer\u00e3o no CCBM, \u00e0s ter\u00e7as-feiras, das 9h \u00e0s 11h30, e ter\u00e3o como conte\u00fado a confec\u00e7\u00e3o de fuxicos e objetos em feltro. As vagas s\u00e3o limitadas.<\/p>\n<p><strong>Servi\u00e7o<\/strong><br \/>\nOficina de Artesanato (SBSP\/CCBM) \u2013 Vagas remanescentes<br \/>\nLocal: Centro Cultural Bernardo Mascarenhas \u2013 Avenida Get\u00falio Vargas, 200, Centro<br \/>\nHor\u00e1rio: Das 9h \u00e0s 11h30, nas ter\u00e7as-feiras<br \/>\nInscri\u00e7\u00f5es: Sociedade Beneficente Sopa dos Pobres \u2013 Rua Santo Ant\u00f4nio 110, Centro. De segunda a sexta-feira, das 8h \u00e0s 12h, ou pelo telefone (32) 3211-8401.<\/p>\n","protected":false},"excerpt":{"rendered":"<p>Segundo informa\u00e7\u00f5es do site da Prefeitura de Juiz de Fora (PJF), as inscri\u00e7\u00f5es para a oficina gratuita de artesanato no Centro Cultural Bernardo Mascarenhas (CCBM) seguem abertas. A iniciativa, apoiada pela Funda\u00e7\u00e3o Cultural Alfredo Ferreira Lage (Funalfa), \u00e9 voltada para pessoas em situa\u00e7\u00e3o de vulnerabilidade social e oferece aulas com t\u00e9cnicas b\u00e1sicas de artesanato. Os [&hellip;]<\/p>\n","protected":false},"author":246,"featured_media":227002,"comment_status":"closed","ping_status":"closed","sticky":false,"template":"","format":"standard","meta":{"footnotes":""},"categories":[253,436,439],"tags":[],"class_list":["post-227001","post","type-post","status-publish","format-standard","has-post-thumbnail","hentry","category-cidade","category-destaque-da-semana","category-ultima-hora"],"_links":{"self":[{"href":"https:\/\/diarioregionaldigital.com.br\/index.php?rest_route=\/wp\/v2\/posts\/227001","targetHints":{"allow":["GET"]}}],"collection":[{"href":"https:\/\/diarioregionaldigital.com.br\/index.php?rest_route=\/wp\/v2\/posts"}],"about":[{"href":"https:\/\/diarioregionaldigital.com.br\/index.php?rest_route=\/wp\/v2\/types\/post"}],"author":[{"embeddable":true,"href":"https:\/\/diarioregionaldigital.com.br\/index.php?rest_route=\/wp\/v2\/users\/246"}],"replies":[{"embeddable":true,"href":"https:\/\/diarioregionaldigital.com.br\/index.php?rest_route=%2Fwp%2Fv2%2Fcomments&post=227001"}],"version-history":[{"count":1,"href":"https:\/\/diarioregionaldigital.com.br\/index.php?rest_route=\/wp\/v2\/posts\/227001\/revisions"}],"predecessor-version":[{"id":227003,"href":"https:\/\/diarioregionaldigital.com.br\/index.php?rest_route=\/wp\/v2\/posts\/227001\/revisions\/227003"}],"wp:featuredmedia":[{"embeddable":true,"href":"https:\/\/diarioregionaldigital.com.br\/index.php?rest_route=\/wp\/v2\/media\/227002"}],"wp:attachment":[{"href":"https:\/\/diarioregionaldigital.com.br\/index.php?rest_route=%2Fwp%2Fv2%2Fmedia&parent=227001"}],"wp:term":[{"taxonomy":"category","embeddable":true,"href":"https:\/\/diarioregionaldigital.com.br\/index.php?rest_route=%2Fwp%2Fv2%2Fcategories&post=227001"},{"taxonomy":"post_tag","embeddable":true,"href":"https:\/\/diarioregionaldigital.com.br\/index.php?rest_route=%2Fwp%2Fv2%2Ftags&post=227001"}],"curies":[{"name":"wp","href":"https:\/\/api.w.org\/{rel}","templated":true}]}}