{"id":226998,"date":"2025-02-24T19:39:53","date_gmt":"2025-02-24T22:39:53","guid":{"rendered":"https:\/\/diarioregionaldigital.com.br\/?p=226998"},"modified":"2025-02-24T19:39:53","modified_gmt":"2025-02-24T22:39:53","slug":"fiscalizacao-interdita-estabelecimento-por-irregularidades-e-perturbacao-do-sossego","status":"publish","type":"post","link":"https:\/\/diarioregionaldigital.com.br\/?p=226998","title":{"rendered":"Fiscaliza\u00e7\u00e3o interdita estabelecimento por irregularidades e perturba\u00e7\u00e3o do sossego"},"content":{"rendered":"<p>Segundo informa\u00e7\u00f5es do site da Prefeitura de Juiz de Fora (PJF), a PJF, por meio da Fiscaliza\u00e7\u00e3o de Posturas, realizou a interdi\u00e7\u00e3o cautelar de um estabelecimento de bebidas localizado na Rua Bernardo Mascarenhas, 1383, no bairro F\u00e1brica. O estabelecimento recebeu quatro autos de infra\u00e7\u00e3o, um sobre polui\u00e7\u00e3o sonora e perturba\u00e7\u00e3o de sossego e os outros tr\u00eas sobre obstru\u00e7\u00e3o de via p\u00fablica.<\/p>\n<p>A a\u00e7\u00e3o foi baseada em um of\u00edcio encaminhado pelo 27\u00ba Batalh\u00e3o de Pol\u00edcia Militar, e em um hist\u00f3rico de den\u00fancias e autua\u00e7\u00f5es relacionadas \u00e0 polui\u00e7\u00e3o sonora, perturba\u00e7\u00e3o do sossego p\u00fablico e obstru\u00e7\u00e3o de vias que constavam na fiscaliza\u00e7\u00e3o.<\/p>\n<p>De acordo com os registros da fiscaliza\u00e7\u00e3o, o estabelecimento j\u00e1 havia sido vistoriado, o que resultou na emiss\u00e3o de autos de infra\u00e7\u00e3o por irregularidades. Entre as principais ocorr\u00eancias, destacam-se a aus\u00eancia de ac\u00fastica para conten\u00e7\u00e3o de ru\u00eddos, o uso indevido de espa\u00e7os p\u00fablicos e a obstru\u00e7\u00e3o de vias com equipamentos e mobili\u00e1rio.<\/p>\n","protected":false},"excerpt":{"rendered":"<p>Segundo informa\u00e7\u00f5es do site da Prefeitura de Juiz de Fora (PJF), a PJF, por meio da Fiscaliza\u00e7\u00e3o de Posturas, realizou a interdi\u00e7\u00e3o cautelar de um estabelecimento de bebidas localizado na Rua Bernardo Mascarenhas, 1383, no bairro F\u00e1brica. O estabelecimento recebeu quatro autos de infra\u00e7\u00e3o, um sobre polui\u00e7\u00e3o sonora e perturba\u00e7\u00e3o de sossego e os outros [&hellip;]<\/p>\n","protected":false},"author":246,"featured_media":226999,"comment_status":"closed","ping_status":"closed","sticky":false,"template":"","format":"standard","meta":{"footnotes":""},"categories":[253,436,439],"tags":[],"class_list":["post-226998","post","type-post","status-publish","format-standard","has-post-thumbnail","hentry","category-cidade","category-destaque-da-semana","category-ultima-hora"],"_links":{"self":[{"href":"https:\/\/diarioregionaldigital.com.br\/index.php?rest_route=\/wp\/v2\/posts\/226998","targetHints":{"allow":["GET"]}}],"collection":[{"href":"https:\/\/diarioregionaldigital.com.br\/index.php?rest_route=\/wp\/v2\/posts"}],"about":[{"href":"https:\/\/diarioregionaldigital.com.br\/index.php?rest_route=\/wp\/v2\/types\/post"}],"author":[{"embeddable":true,"href":"https:\/\/diarioregionaldigital.com.br\/index.php?rest_route=\/wp\/v2\/users\/246"}],"replies":[{"embeddable":true,"href":"https:\/\/diarioregionaldigital.com.br\/index.php?rest_route=%2Fwp%2Fv2%2Fcomments&post=226998"}],"version-history":[{"count":1,"href":"https:\/\/diarioregionaldigital.com.br\/index.php?rest_route=\/wp\/v2\/posts\/226998\/revisions"}],"predecessor-version":[{"id":227000,"href":"https:\/\/diarioregionaldigital.com.br\/index.php?rest_route=\/wp\/v2\/posts\/226998\/revisions\/227000"}],"wp:featuredmedia":[{"embeddable":true,"href":"https:\/\/diarioregionaldigital.com.br\/index.php?rest_route=\/wp\/v2\/media\/226999"}],"wp:attachment":[{"href":"https:\/\/diarioregionaldigital.com.br\/index.php?rest_route=%2Fwp%2Fv2%2Fmedia&parent=226998"}],"wp:term":[{"taxonomy":"category","embeddable":true,"href":"https:\/\/diarioregionaldigital.com.br\/index.php?rest_route=%2Fwp%2Fv2%2Fcategories&post=226998"},{"taxonomy":"post_tag","embeddable":true,"href":"https:\/\/diarioregionaldigital.com.br\/index.php?rest_route=%2Fwp%2Fv2%2Ftags&post=226998"}],"curies":[{"name":"wp","href":"https:\/\/api.w.org\/{rel}","templated":true}]}}