{"id":226995,"date":"2025-02-24T19:39:02","date_gmt":"2025-02-24T22:39:02","guid":{"rendered":"https:\/\/diarioregionaldigital.com.br\/?p=226995"},"modified":"2025-02-24T19:39:02","modified_gmt":"2025-02-24T22:39:02","slug":"carnaval-jf-2025-ja-levou-mais-de-120-mil-folioes-para-as-ruas","status":"publish","type":"post","link":"https:\/\/diarioregionaldigital.com.br\/?p=226995","title":{"rendered":"Carnaval JF 2025 j\u00e1 levou mais de 120 mil foli\u00f5es para as ruas"},"content":{"rendered":"<p>Segundo informa\u00e7\u00f5es do site da Prefeitura de Juiz de Fora (PJF), no \u00faltimo domingo (23), o diretor-geral da Funda\u00e7\u00e3o Cultural Alfredo Ferreira Lage (Funalfa), Rog\u00e9rio de Freitas, representando a Prefeitura de Juiz de Fora, recebeu a chave da cidade das m\u00e3os da Corte do Carnaval. A entrega foi feita no palco da Pra\u00e7a Ant\u00f4nio Carlos (PAC), arena onde Feliz Lembran\u00e7a, Mocidade Alegre, Mocidade do Progresso, Partido Alto, Rivais da Primavera e Unidos da Vila do Retiro marcaram a presen\u00e7a imprescind\u00edvel das escolas de samba na folia juiz-forana, com suas passistas e baterias, a despeito da impossibilidade do desfile no samb\u00f3dromo este ano.<\/p>\n<div>Interessante \u00e9 que o gesto n\u00e3o representou nem a abertura nem o fechamento de festa, mas sua exata metade. Durante os \u00faltimos dez dias, desde 14 de fevereiro,\u00a0uma multid\u00e3o de mais de 120 mil pessoas\u00a0tomou conta dos Circuitos da Folia, das ruas dos bairros e das pra\u00e7as da cidade, com m\u00fasica, fantasias, leques, purpurinas e muita alegria. E, pelos pr\u00f3ximos dez, a receita promete se repetir. At\u00e9 o dia 5 de mar\u00e7o, mais 32 blocos ainda v\u00e3o animar a cidade \u2013 incluindo a gigante e hist\u00f3rica Banda Daki \u2013, juntamente com o show do bloco Ent\u00e3o, Brilha!, de Belo Horizonte, marcado para o dia 27 de fevereiro, na PAC.\n<\/div>\n<div>O Carnaval de Juiz de Fora s\u00f3 acaba na Quarta-Feira de Cinzas! Confira a\u00a0<a href=\"http:\/\/(https\/\/www.pjf.mg.gov.br\/administracao_indireta\/funalfa\/carnaval\/2025\/programacao.pdf\"><u><strong>programa\u00e7\u00e3o completa\u00a0<\/strong><\/u><\/a>\u00a0e veja o tanto de divers\u00e3o que ainda est\u00e1 por vir.<\/div>\n","protected":false},"excerpt":{"rendered":"<p>Segundo informa\u00e7\u00f5es do site da Prefeitura de Juiz de Fora (PJF), no \u00faltimo domingo (23), o diretor-geral da Funda\u00e7\u00e3o Cultural Alfredo Ferreira Lage (Funalfa), Rog\u00e9rio de Freitas, representando a Prefeitura de Juiz de Fora, recebeu a chave da cidade das m\u00e3os da Corte do Carnaval. A entrega foi feita no palco da Pra\u00e7a Ant\u00f4nio Carlos [&hellip;]<\/p>\n","protected":false},"author":246,"featured_media":226996,"comment_status":"closed","ping_status":"closed","sticky":false,"template":"","format":"standard","meta":{"footnotes":""},"categories":[253,436,440,439],"tags":[],"class_list":["post-226995","post","type-post","status-publish","format-standard","has-post-thumbnail","hentry","category-cidade","category-destaque-da-semana","category-destaques-do-dia","category-ultima-hora"],"_links":{"self":[{"href":"https:\/\/diarioregionaldigital.com.br\/index.php?rest_route=\/wp\/v2\/posts\/226995","targetHints":{"allow":["GET"]}}],"collection":[{"href":"https:\/\/diarioregionaldigital.com.br\/index.php?rest_route=\/wp\/v2\/posts"}],"about":[{"href":"https:\/\/diarioregionaldigital.com.br\/index.php?rest_route=\/wp\/v2\/types\/post"}],"author":[{"embeddable":true,"href":"https:\/\/diarioregionaldigital.com.br\/index.php?rest_route=\/wp\/v2\/users\/246"}],"replies":[{"embeddable":true,"href":"https:\/\/diarioregionaldigital.com.br\/index.php?rest_route=%2Fwp%2Fv2%2Fcomments&post=226995"}],"version-history":[{"count":1,"href":"https:\/\/diarioregionaldigital.com.br\/index.php?rest_route=\/wp\/v2\/posts\/226995\/revisions"}],"predecessor-version":[{"id":226997,"href":"https:\/\/diarioregionaldigital.com.br\/index.php?rest_route=\/wp\/v2\/posts\/226995\/revisions\/226997"}],"wp:featuredmedia":[{"embeddable":true,"href":"https:\/\/diarioregionaldigital.com.br\/index.php?rest_route=\/wp\/v2\/media\/226996"}],"wp:attachment":[{"href":"https:\/\/diarioregionaldigital.com.br\/index.php?rest_route=%2Fwp%2Fv2%2Fmedia&parent=226995"}],"wp:term":[{"taxonomy":"category","embeddable":true,"href":"https:\/\/diarioregionaldigital.com.br\/index.php?rest_route=%2Fwp%2Fv2%2Fcategories&post=226995"},{"taxonomy":"post_tag","embeddable":true,"href":"https:\/\/diarioregionaldigital.com.br\/index.php?rest_route=%2Fwp%2Fv2%2Ftags&post=226995"}],"curies":[{"name":"wp","href":"https:\/\/api.w.org\/{rel}","templated":true}]}}