{"id":226992,"date":"2025-02-24T19:37:40","date_gmt":"2025-02-24T22:37:40","guid":{"rendered":"https:\/\/diarioregionaldigital.com.br\/?p=226992"},"modified":"2025-02-24T19:37:40","modified_gmt":"2025-02-24T22:37:40","slug":"brasil-encerra-copa-do-mundo-de-paraesgrima-com-seis-medalhas","status":"publish","type":"post","link":"https:\/\/diarioregionaldigital.com.br\/?p=226992","title":{"rendered":"Brasil encerra Copa do Mundo de paraesgrima com seis medalhas"},"content":{"rendered":"<p>O Brasil encerrou a etapa de Sa\u0303o Paulo da Copa do Mundo de paraesgrima com a conquista de seis medalhas (duas de prata e quatro de bronze). A competi\u00e7\u00e3o, que chegou ao final no \u00faltimo s\u00e1bado (22), foi realizada no Centro de Treinamento Parali\u0301mpico.<img decoding=\"async\" src=\"https:\/\/agenciabrasil.ebc.com.br\/ebc.png?id=1631653&amp;o=node\" \/><img decoding=\"async\" src=\"https:\/\/agenciabrasil.ebc.com.br\/ebc.gif?id=1631653&amp;o=node\" \/><\/p>\n<p>O grande destaque da equipe brasileira foi o ga\u00facho Jovane Guissone, que garantiu dois bronzes, um na disputa da espada B ap\u00f3s ser derrotado pelo norte-americano Scott Rodgers por 12 a 10 nas semifinais, e outro no sabre B masculino, ap\u00f3s derrota nas semifinais para Vanderson Chaves, que acabou conquistando uma prata para o Brasil na categoria.<\/p>\n<p>Por\u00e9m, o melhor resultado de Jovane Guissone no evento foi uma medalha de prata, conquistada no florete masculino B, na \u00faltima quinta-feira (20), quando s\u00f3 parou na final, diante do italiano Michele Massa.<\/p>\n<p>\u201cTrabalhei muito de janeiro para c\u00e1, pensando nessa competi\u00e7\u00e3o em casa, no Brasil, com a for\u00e7a do p\u00fablico. Sei que \u00e9 uma competi\u00e7\u00e3o dura, todos querem ganhar, e eu queria fazer meu melhor resultado, levar uma medalha, de prefer\u00eancia de ouro. O caminho \u00e9 longo, mas vou buscar o melhor resultado\u201d, declarou o paratleta brasileiro de 41 anos de idade.<\/p>\n<p>As outras duas medalhas de bronze do Brasil foram alcan\u00e7adas pela jovem piauiense Ra\u00edssa Veras, de 18 anos, que brilhou na espada feminina A e no sabre feminino A.<\/p>\n<p>Fonte: Ag\u00eancia Brasil<\/p>\n","protected":false},"excerpt":{"rendered":"<p>O Brasil encerrou a etapa de Sa\u0303o Paulo da Copa do Mundo de paraesgrima com a conquista de seis medalhas (duas de prata e quatro de bronze). A competi\u00e7\u00e3o, que chegou ao final no \u00faltimo s\u00e1bado (22), foi realizada no Centro de Treinamento Parali\u0301mpico. O grande destaque da equipe brasileira foi o ga\u00facho Jovane Guissone, [&hellip;]<\/p>\n","protected":false},"author":246,"featured_media":226993,"comment_status":"closed","ping_status":"closed","sticky":false,"template":"","format":"standard","meta":{"footnotes":""},"categories":[436,440,257,439],"tags":[],"class_list":["post-226992","post","type-post","status-publish","format-standard","has-post-thumbnail","hentry","category-destaque-da-semana","category-destaques-do-dia","category-esporte","category-ultima-hora"],"_links":{"self":[{"href":"https:\/\/diarioregionaldigital.com.br\/index.php?rest_route=\/wp\/v2\/posts\/226992","targetHints":{"allow":["GET"]}}],"collection":[{"href":"https:\/\/diarioregionaldigital.com.br\/index.php?rest_route=\/wp\/v2\/posts"}],"about":[{"href":"https:\/\/diarioregionaldigital.com.br\/index.php?rest_route=\/wp\/v2\/types\/post"}],"author":[{"embeddable":true,"href":"https:\/\/diarioregionaldigital.com.br\/index.php?rest_route=\/wp\/v2\/users\/246"}],"replies":[{"embeddable":true,"href":"https:\/\/diarioregionaldigital.com.br\/index.php?rest_route=%2Fwp%2Fv2%2Fcomments&post=226992"}],"version-history":[{"count":1,"href":"https:\/\/diarioregionaldigital.com.br\/index.php?rest_route=\/wp\/v2\/posts\/226992\/revisions"}],"predecessor-version":[{"id":226994,"href":"https:\/\/diarioregionaldigital.com.br\/index.php?rest_route=\/wp\/v2\/posts\/226992\/revisions\/226994"}],"wp:featuredmedia":[{"embeddable":true,"href":"https:\/\/diarioregionaldigital.com.br\/index.php?rest_route=\/wp\/v2\/media\/226993"}],"wp:attachment":[{"href":"https:\/\/diarioregionaldigital.com.br\/index.php?rest_route=%2Fwp%2Fv2%2Fmedia&parent=226992"}],"wp:term":[{"taxonomy":"category","embeddable":true,"href":"https:\/\/diarioregionaldigital.com.br\/index.php?rest_route=%2Fwp%2Fv2%2Fcategories&post=226992"},{"taxonomy":"post_tag","embeddable":true,"href":"https:\/\/diarioregionaldigital.com.br\/index.php?rest_route=%2Fwp%2Fv2%2Ftags&post=226992"}],"curies":[{"name":"wp","href":"https:\/\/api.w.org\/{rel}","templated":true}]}}