{"id":226989,"date":"2025-02-24T19:36:06","date_gmt":"2025-02-24T22:36:06","guid":{"rendered":"https:\/\/diarioregionaldigital.com.br\/?p=226989"},"modified":"2025-02-24T19:36:06","modified_gmt":"2025-02-24T22:36:06","slug":"governo-de-minas-investe-na-agricultura-familiar-transformando-a-alimentacao-escolar-e-a-vida-de-produtores-rurais","status":"publish","type":"post","link":"https:\/\/diarioregionaldigital.com.br\/?p=226989","title":{"rendered":"Governo de Minas investe na agricultura familiar transformando a alimenta\u00e7\u00e3o escolar e a vida de produtores rurais"},"content":{"rendered":"<p>Agricultores familiares de 817 munic\u00edpios atendidos pela\u00a0<a href=\"https:\/\/www.emater.mg.gov.br\/\" target=\"_blank\" rel=\"noopener\">Empresa de Assist\u00eancia T\u00e9cnica e Extens\u00e3o Rural do Estado de Minas Gerais (Emater-MG)<\/a>, vinculada \u00e0\u00a0<a href=\"https:\/\/www.mg.gov.br\/agricultura\" target=\"_blank\" rel=\"noopener\">Secretaria de Estado de Agricultura, Pecu\u00e1ria e Abastecimento de Minas Gerais (Seapa)<\/a>, est\u00e3o sendo beneficiados pelo Programa Nacional de Alimenta\u00e7\u00e3o Escolar (Pnae). Por meio da iniciativa, legumes fresquinhos, fil\u00e9 de til\u00e1pia, iogurte e muitas frutas chegam aos pratos mais de 1,5 milh\u00e3o de alunos da rede p\u00fablica estadual de Minas Gerais.<\/p>\n<p>De 2021 a 2023, cerca de meio bilh\u00e3o de reais foram investidos pelo\u00a0<a href=\"https:\/\/www.mg.gov.br\/\" target=\"_blank\" rel=\"noopener\">Governo de Minas<\/a>\u00a0em compras de pequenos agricultores familiares, valor que tamb\u00e9m beneficia diretamente mais de 15 mil produtores rurais. Em 2024, o valor total repassado pelo estado no Pnae foi de cerca de R$ 700 milh\u00f5es.<\/p>\n<p>O Pnae destina recursos financeiros para atender estudantes da educa\u00e7\u00e3o b\u00e1sica em escolas p\u00fablicas e em algumas escolas privadas sem fins lucrativos.<\/p>\n<p>O secret\u00e1rio de Estado de Agricultura, Pecu\u00e1ria e Abastecimento, Thales Fernandes, avalia que o programa \u00e9 fundamental para ajudar os pequenos produtores e a economia local.<\/p>\n<table border=\"0\" cellspacing=\"1\" cellpadding=\"1\" align=\"center\">\n<tbody>\n<tr>\n<td colspan=\"5\"><img decoding=\"async\" src=\"https:\/\/www.agenciaminas.mg.gov.br\/ckeditor_assets\/pictures\/20949\/content_2_olho_topo.jpg\" alt=\"\" \/><\/td>\n<\/tr>\n<tr>\n<td><\/td>\n<td colspan=\"3\" rowspan=\"3\">\n<h1><strong>&#8220;Ele planta j\u00e1 sabendo por quanto e para onde vai vender, com assist\u00eancia t\u00e9cnica e muita qualidade. Ao final desse ano, teremos distribu\u00eddo cerca de 20 mil kits irriga\u00e7\u00e3o por gotejamento no intuito de fomentar ainda mais essa produtividade&#8221;, afirma Thales Fernandes.<\/strong><\/h1>\n<\/td>\n<td><\/td>\n<\/tr>\n<tr>\n<td><\/td>\n<td><\/td>\n<\/tr>\n<tr>\n<td><\/td>\n<td><\/td>\n<\/tr>\n<tr>\n<td colspan=\"5\"><img decoding=\"async\" src=\"https:\/\/www.agenciaminas.mg.gov.br\/ckeditor_assets\/pictures\/20950\/content_2_olho_inferior.jpg\" alt=\"\" \/><\/td>\n<\/tr>\n<\/tbody>\n<\/table>\n<p><strong>Assist\u00eancia que transforma<\/strong><\/p>\n<p>No Pnae, a Emater-MG\u00a0auxilia os agricultores familiares, por meio de visitas \u00e0s propriedades, an\u00e1lises para verificar se a planta\u00e7\u00e3o est\u00e1 saud\u00e1vel, e orienta\u00e7\u00f5es em caso de pragas e doen\u00e7as.<\/p>\n<p>Os t\u00e9cnicos ainda ajudam os produtores com os editais abertos e a documenta\u00e7\u00e3o necess\u00e1ria para acessarem o Pnae e outros programas governamentais.<\/p>\n<p>Esse \u00e9 o caso de Vanice dos Santos, produtora rural do distrito de Macacos, em Nova Lima, na Regi\u00e3o Metropolitana de Belo Horizonte (RMBH). Ela \u00e9 um exemplo de como as vendas para o Pnae podem mudar a realidade do homem do campo. Hoje, ela entrega lim\u00e3o, banana, cenoura, beterraba, alho por\u00f3, br\u00f3colis, serralha, quiabo, vagem e alface para cinco escolas estaduais do munic\u00edpio.<\/p>\n<p>A agricultora contou que passou a fazer parte do Pnae h\u00e1 cerca de um ano e meio e, o que antes era produzido apenas para a subsist\u00eancia, cresceu e hoje \u00e9 o \u00fanico sustento da fam\u00edlia.<\/p>\n<p>\u201cCome\u00e7amos bem pequenininhos, mas j\u00e1 t\u00ednhamos o sonho de entregar nossa produ\u00e7\u00e3o, que n\u00e3o utiliza agrot\u00f3xicos, para as escolas. Hoje, conseguimos realizar sonhos como planejar uma viagem e terminar a constru\u00e7\u00e3o da nossa casa\u201d, contou.<br \/>\n<main class=\"clear margin-md-bottom-3\"><\/p>\n<div class=\"clear \">\n<p><strong>Aluno nutrido, aluno produtivo<\/strong><\/p>\n<p>Os alimentos da agricultura familiar s\u00e3o produzidos geralmente sem a aplica\u00e7\u00e3o de defensivos qu\u00edmicos e ainda t\u00eam a vantagem de chegarem frescos ao consumidor final devido \u00e0 proximidade entre os produtores e as escolas, evitando o congelamento, a necessidade de conservantes e o risco de contamina\u00e7\u00e3o durante o transporte.<\/p>\n<p>A nutricionista e respons\u00e1vel t\u00e9cnica pelo Pnae na\u00a0<a href=\"https:\/\/www.educacao.mg.gov.br\/\" target=\"_blank\" rel=\"noopener\">Secretaria de Estado de Educa\u00e7\u00e3o (SEE\/MG)<\/a>, Tatiane Guimar\u00e3es, refor\u00e7a que a alimenta\u00e7\u00e3o \u00e9 um direito de todos e isso n\u00e3o \u00e9 diferente dentro da escola. \u201cO estudante precisa absorver v\u00e1rios conte\u00fados e, se ele n\u00e3o tiver os nutrientes necess\u00e1rios, ter\u00e1 dificuldade nisso e at\u00e9 mesmo para brincar e socializar\u201d, enfatiza.<\/p>\n<p>Eduardo dos Santos, 16 anos, aluno da Escola Estadual Jo\u00e3o Felipe da Rocha, em Nova Lima, aprova o card\u00e1pio oferecido na institui\u00e7\u00e3o. \u201cDe segunda a sexta, temos um card\u00e1pio equilibrado com salada, arroz, feij\u00e3o, carne. Tudo feito com muito carinho pelas tias da cantina\u201d, conta o estudante.<\/p>\n<p>Tatiane Dornelas, diretora da escola, refor\u00e7a a import\u00e2ncia da parceria entre educa\u00e7\u00e3o e agricultura. \u201cO retorno dos alunos \u00e9 o mais gratificante. Temos um prato colorido, nutricionalmente completo e muito saboroso. \u00c9 not\u00f3rio como o Governo do Estado tem investido de forma constante na merenda escolar\u201d, conclui.<\/p>\n<p>Fonte: Ag\u00eancia Minas<\/p>\n<\/div>\n<p><\/main><\/p>\n","protected":false},"excerpt":{"rendered":"<p>Agricultores familiares de 817 munic\u00edpios atendidos pela\u00a0Empresa de Assist\u00eancia T\u00e9cnica e Extens\u00e3o Rural do Estado de Minas Gerais (Emater-MG), vinculada \u00e0\u00a0Secretaria de Estado de Agricultura, Pecu\u00e1ria e Abastecimento de Minas Gerais (Seapa), est\u00e3o sendo beneficiados pelo Programa Nacional de Alimenta\u00e7\u00e3o Escolar (Pnae). Por meio da iniciativa, legumes fresquinhos, fil\u00e9 de til\u00e1pia, iogurte e muitas frutas [&hellip;]<\/p>\n","protected":false},"author":246,"featured_media":226990,"comment_status":"closed","ping_status":"closed","sticky":false,"template":"","format":"standard","meta":{"footnotes":""},"categories":[436,261,254,439],"tags":[],"class_list":["post-226989","post","type-post","status-publish","format-standard","has-post-thumbnail","hentry","category-destaque-da-semana","category-economia","category-politica","category-ultima-hora"],"_links":{"self":[{"href":"https:\/\/diarioregionaldigital.com.br\/index.php?rest_route=\/wp\/v2\/posts\/226989","targetHints":{"allow":["GET"]}}],"collection":[{"href":"https:\/\/diarioregionaldigital.com.br\/index.php?rest_route=\/wp\/v2\/posts"}],"about":[{"href":"https:\/\/diarioregionaldigital.com.br\/index.php?rest_route=\/wp\/v2\/types\/post"}],"author":[{"embeddable":true,"href":"https:\/\/diarioregionaldigital.com.br\/index.php?rest_route=\/wp\/v2\/users\/246"}],"replies":[{"embeddable":true,"href":"https:\/\/diarioregionaldigital.com.br\/index.php?rest_route=%2Fwp%2Fv2%2Fcomments&post=226989"}],"version-history":[{"count":1,"href":"https:\/\/diarioregionaldigital.com.br\/index.php?rest_route=\/wp\/v2\/posts\/226989\/revisions"}],"predecessor-version":[{"id":226991,"href":"https:\/\/diarioregionaldigital.com.br\/index.php?rest_route=\/wp\/v2\/posts\/226989\/revisions\/226991"}],"wp:featuredmedia":[{"embeddable":true,"href":"https:\/\/diarioregionaldigital.com.br\/index.php?rest_route=\/wp\/v2\/media\/226990"}],"wp:attachment":[{"href":"https:\/\/diarioregionaldigital.com.br\/index.php?rest_route=%2Fwp%2Fv2%2Fmedia&parent=226989"}],"wp:term":[{"taxonomy":"category","embeddable":true,"href":"https:\/\/diarioregionaldigital.com.br\/index.php?rest_route=%2Fwp%2Fv2%2Fcategories&post=226989"},{"taxonomy":"post_tag","embeddable":true,"href":"https:\/\/diarioregionaldigital.com.br\/index.php?rest_route=%2Fwp%2Fv2%2Ftags&post=226989"}],"curies":[{"name":"wp","href":"https:\/\/api.w.org\/{rel}","templated":true}]}}