{"id":226986,"date":"2025-02-24T19:35:01","date_gmt":"2025-02-24T22:35:01","guid":{"rendered":"https:\/\/diarioregionaldigital.com.br\/?p=226986"},"modified":"2025-02-24T19:35:01","modified_gmt":"2025-02-24T22:35:01","slug":"governo-de-minas-e-tribunal-de-justica-assinam-termo-de-cooperacao-tecnica-para-extincao-de-execucoes-fiscais","status":"publish","type":"post","link":"https:\/\/diarioregionaldigital.com.br\/?p=226986","title":{"rendered":"Governo de Minas e Tribunal de Justi\u00e7a assinam Termo de Coopera\u00e7\u00e3o T\u00e9cnica para extin\u00e7\u00e3o de execu\u00e7\u00f5es fiscais"},"content":{"rendered":"<p>O\u00a0<a href=\"https:\/\/www.mg.gov.br\/\" target=\"_blank\" rel=\"noopener\">Governo de Minas<\/a>, por meio da\u00a0<a href=\"https:\/\/advocaciageral.mg.gov.br\/\" target=\"_blank\" rel=\"noopener\">Advocacia-Geral do Estado (AGE-MG)<\/a>\u00a0e da\u00a0<a href=\"https:\/\/www.fazenda.mg.gov.br\/\" target=\"_blank\" rel=\"noopener\">Secretaria de Estado da Fazenda (SEF-MG)<\/a>, e o Tribunal de Justi\u00e7a de Minas Gerais (TJMG) assinaram, nesta segunda-feira (24\/2), o Termo de Coopera\u00e7\u00e3o T\u00e9cnica n\u00ba 1\/2025, visando a pr\u00e1tica de atos que visam a extin\u00e7\u00e3o de execu\u00e7\u00f5es fiscais. A estimativa \u00e9 que mais de 10 mil processos sejam eliminados.<\/p>\n<p>O Relat\u00f3rio Justi\u00e7a em N\u00fameros, de 2024, mostrou que as execu\u00e7\u00f5es fiscais foram apontadas como o principal fator de morosidade do Poder Judici\u00e1rio no pa\u00eds, respondendo por 31% do acervo pendente, com taxa de congestionamento de 87,8% e tempo m\u00e9dio de tramita\u00e7\u00e3o de 7 anos e 2 meses at\u00e9 a baixa.<\/p>\n<p>O acordo assinado nesta segunda-feira tem validade at\u00e9 julho de 2026, podendo ser prorrogado, e prev\u00ea a pr\u00e1tica de atos conjuntos entre as institui\u00e7\u00f5es signat\u00e1rias para a busca de solu\u00e7\u00f5es alternativas \u00e0s execu\u00e7\u00f5es fiscais para o adimplemento dos d\u00e9bitos tribut\u00e1rios, racionalizando e otimizando o fluxo processual das execu\u00e7\u00f5es fiscais.<\/p>\n<p>Pelo documento assinado, o Tribunal enviar\u00e1 \u00e0 AGE-MG, quando solicitado, a listagem das execu\u00e7\u00f5es fiscais em tramita\u00e7\u00e3o no Estado de Minas Gerais, extra\u00edda de sua base de dados, com informa\u00e7\u00f5es atualizadas, sendo que a Advocacia-Geral, ap\u00f3s an\u00e1lise da lista, ir\u00e1 requerer a extin\u00e7\u00e3o das execu\u00e7\u00f5es fiscais.<\/p>\n<p>O advogado-geral do Estado, S\u00e9rgio Pessoa de Paula Castro, ressaltou que \u201ca extin\u00e7\u00e3o das execu\u00e7\u00f5es fiscais n\u00e3o impede eventual cobran\u00e7a administrativa dos d\u00e9bitos pela AGE-MG por meios alternativos\u201d. Um dos exemplos, esclarece, \u00e9 o protesto extrajudicial.<\/p>\n<p>O secret\u00e1rio de Fazenda, Luiz Claudio Gomes, explicou que o termo busca eliminar as execu\u00e7\u00f5es fiscais de pequenos valores, em que n\u00e3o foram localizados bens e outros ativos: \u201cAl\u00e9m de desafogar o Judici\u00e1rio, o grande ganho para a SEF, a AGE e o TJMG \u00e9 que, reduzindo o n\u00famero de execu\u00e7\u00f5es fiscais de pequeno valor, vamos priorizar aquelas de maior relev\u00e2ncia para o Estado\u201d, disse.<\/p>\n<p>O termo de coopera\u00e7\u00e3o t\u00e9cnica foi assinado pelo advogado-geral do Estado, S\u00e9rgio Pessoa de Paula Castro; pelo secret\u00e1rio de Estado da Fazenda, Luiz Claudio Fernandes Louren\u00e7o Gomes; pelo presidente do TJMG, desembargador Luiz Carlos de Azevedo Corr\u00eaa J\u00fanior; e pelo corregedor-geral de Justi\u00e7a, desembargador Estev\u00e3o Lucchesi de Carvalho.<\/p>\n<p>Tamb\u00e9m participaram da solenidade o advogado-geral adjunto para o Contencioso, F\u00e1bio Murilo Nazar; o desembargador Vicente de Oliveira Silva (superintendente administrativo adjunto), a desembargadora K\u00e1rin Emmerich (vice-corregedora de Justi\u00e7a), o desembargador Alexandre Quintino Santiago e os ju\u00edzes auxiliares Jo\u00e3o Luiz Nascimento, Guilherme Nogueira e Marcela Novais.<\/p>\n<p>Fonte: Ag\u00eancia Minas<\/p>\n","protected":false},"excerpt":{"rendered":"<p>O\u00a0Governo de Minas, por meio da\u00a0Advocacia-Geral do Estado (AGE-MG)\u00a0e da\u00a0Secretaria de Estado da Fazenda (SEF-MG), e o Tribunal de Justi\u00e7a de Minas Gerais (TJMG) assinaram, nesta segunda-feira (24\/2), o Termo de Coopera\u00e7\u00e3o T\u00e9cnica n\u00ba 1\/2025, visando a pr\u00e1tica de atos que visam a extin\u00e7\u00e3o de execu\u00e7\u00f5es fiscais. A estimativa \u00e9 que mais de 10 mil [&hellip;]<\/p>\n","protected":false},"author":246,"featured_media":226987,"comment_status":"closed","ping_status":"closed","sticky":false,"template":"","format":"standard","meta":{"footnotes":""},"categories":[436,440,261,254,439],"tags":[],"class_list":["post-226986","post","type-post","status-publish","format-standard","has-post-thumbnail","hentry","category-destaque-da-semana","category-destaques-do-dia","category-economia","category-politica","category-ultima-hora"],"_links":{"self":[{"href":"https:\/\/diarioregionaldigital.com.br\/index.php?rest_route=\/wp\/v2\/posts\/226986","targetHints":{"allow":["GET"]}}],"collection":[{"href":"https:\/\/diarioregionaldigital.com.br\/index.php?rest_route=\/wp\/v2\/posts"}],"about":[{"href":"https:\/\/diarioregionaldigital.com.br\/index.php?rest_route=\/wp\/v2\/types\/post"}],"author":[{"embeddable":true,"href":"https:\/\/diarioregionaldigital.com.br\/index.php?rest_route=\/wp\/v2\/users\/246"}],"replies":[{"embeddable":true,"href":"https:\/\/diarioregionaldigital.com.br\/index.php?rest_route=%2Fwp%2Fv2%2Fcomments&post=226986"}],"version-history":[{"count":1,"href":"https:\/\/diarioregionaldigital.com.br\/index.php?rest_route=\/wp\/v2\/posts\/226986\/revisions"}],"predecessor-version":[{"id":226988,"href":"https:\/\/diarioregionaldigital.com.br\/index.php?rest_route=\/wp\/v2\/posts\/226986\/revisions\/226988"}],"wp:featuredmedia":[{"embeddable":true,"href":"https:\/\/diarioregionaldigital.com.br\/index.php?rest_route=\/wp\/v2\/media\/226987"}],"wp:attachment":[{"href":"https:\/\/diarioregionaldigital.com.br\/index.php?rest_route=%2Fwp%2Fv2%2Fmedia&parent=226986"}],"wp:term":[{"taxonomy":"category","embeddable":true,"href":"https:\/\/diarioregionaldigital.com.br\/index.php?rest_route=%2Fwp%2Fv2%2Fcategories&post=226986"},{"taxonomy":"post_tag","embeddable":true,"href":"https:\/\/diarioregionaldigital.com.br\/index.php?rest_route=%2Fwp%2Fv2%2Ftags&post=226986"}],"curies":[{"name":"wp","href":"https:\/\/api.w.org\/{rel}","templated":true}]}}