{"id":226980,"date":"2025-02-24T19:32:52","date_gmt":"2025-02-24T22:32:52","guid":{"rendered":"https:\/\/diarioregionaldigital.com.br\/?p=226980"},"modified":"2025-02-24T19:32:52","modified_gmt":"2025-02-24T22:32:52","slug":"minas-gerais-atinge-a-menor-taxa-de-desemprego-da-historia","status":"publish","type":"post","link":"https:\/\/diarioregionaldigital.com.br\/?p=226980","title":{"rendered":"Minas Gerais atinge a menor taxa de desemprego da hist\u00f3ria"},"content":{"rendered":"<p>Minas Gerais celebra um marco hist\u00f3rico: a taxa de desemprego chegou ao patamar de 4,3% no quarto trimestre de 2024, o menor \u00edndice desde o in\u00edcio da Pesquisa Nacional por Amostra de Domic\u00edlios Cont\u00ednua (Pnad Cont\u00ednua), iniciada em 2012. A taxa ficou abaixo da m\u00e9dia nacional, que registrou 6,2% no mesmo per\u00edodo. O resultado indica que o pleno emprego j\u00e1 \u00e9 realidade em Minas Gerais.<\/p>\n<p>Essa foi a quarta redu\u00e7\u00e3o seguida registrada pelo estado, puxada, sobretudo, pela atra\u00e7\u00e3o de investimentos e m\u00e3o de obra qualificada. Com isso, Minas alcan\u00e7a o chamado pleno emprego, cen\u00e1rio em que praticamente toda a popula\u00e7\u00e3o economicamente ativa est\u00e1 empregada.<\/p>\n<p>O desempenho \u00e9 fruto de pol\u00edticas p\u00fablicas e a\u00e7\u00f5es estrat\u00e9gicas implementadas pelo\u00a0<a href=\"https:\/\/www.mg.gov.br\/\" target=\"_blank\" rel=\"noopener\">Governo de Minas<\/a>\u00a0para ampliar a atra\u00e7\u00e3o de investimentos, gerando impacto direto na gera\u00e7\u00e3o de emprego, renda e qualidade de vida para os mineiros.<\/p>\n<p>O governador Romeu Zema destacou a import\u00e2ncia desse avan\u00e7o.<\/p>\n<table border=\"0\" cellspacing=\"1\" cellpadding=\"1\" align=\"center\">\n<tbody>\n<tr>\n<td colspan=\"5\"><img decoding=\"async\" src=\"https:\/\/www.agenciaminas.mg.gov.br\/ckeditor_assets\/pictures\/20949\/content_2_olho_topo.jpg\" alt=\"\" \/><\/td>\n<\/tr>\n<tr>\n<td><\/td>\n<td colspan=\"3\" rowspan=\"3\">\n<h1><strong>&#8220;Minas Gerais est\u00e1 mostrando ao pa\u00eds que \u00e9 poss\u00edvel crescer com responsabilidade e gerar oportunidades para todos. Esse resultado \u00e9 a prova de que estamos no caminho certo, atraindo investimentos e qualificando nossa m\u00e3o de obra&#8221;, ressaltou Romeu Zema.<\/strong><\/h1>\n<\/td>\n<td><\/td>\n<\/tr>\n<tr>\n<td><\/td>\n<td><\/td>\n<\/tr>\n<tr>\n<td><\/td>\n<td><\/td>\n<\/tr>\n<tr>\n<td colspan=\"5\"><img decoding=\"async\" src=\"https:\/\/www.agenciaminas.mg.gov.br\/ckeditor_assets\/pictures\/20950\/content_2_olho_inferior.jpg\" alt=\"\" \/><\/td>\n<\/tr>\n<\/tbody>\n<\/table>\n<p>A secret\u00e1ria de Estado de\u00a0<a href=\"https:\/\/social.mg.gov.br\/\" target=\"_blank\" rel=\"noopener\">Desenvolvimento Social de Minas Gerais (Sedese-MG)<\/a>, Al\u00ea Portela, tamb\u00e9m comemorou o feito hist\u00f3rico.<\/p>\n<table border=\"0\" cellspacing=\"1\" cellpadding=\"1\" align=\"center\">\n<tbody>\n<tr>\n<td colspan=\"5\"><img decoding=\"async\" src=\"https:\/\/www.agenciaminas.mg.gov.br\/ckeditor_assets\/pictures\/20949\/content_2_olho_topo.jpg\" alt=\"\" \/><\/td>\n<\/tr>\n<tr>\n<td><\/td>\n<td colspan=\"3\" rowspan=\"3\">\n<h1><strong>&#8220;Celebramos a menor taxa de desemprego da hist\u00f3ria, destacando importantes avan\u00e7os promovidos pela Sedese-MG. O incentivo \u00e0 capacita\u00e7\u00e3o profissional est\u00e1 abrindo portas e criando oportunidades reais de emprego para nossa popula\u00e7\u00e3o. Estamos investindo em pessoas, o que tem transformado vidas e fortalecido a economia de Minas Gerais&#8221;, enfatizou Al\u00ea Portela.<\/strong><\/h1>\n<\/td>\n<td><\/td>\n<\/tr>\n<tr>\n<td><\/td>\n<td><\/td>\n<\/tr>\n<tr>\n<td><\/td>\n<td><\/td>\n<\/tr>\n<tr>\n<td colspan=\"5\"><img decoding=\"async\" src=\"https:\/\/www.agenciaminas.mg.gov.br\/ckeditor_assets\/pictures\/20950\/content_2_olho_inferior.jpg\" alt=\"\" \/><\/td>\n<\/tr>\n<\/tbody>\n<\/table>\n<p><strong>Um milh\u00e3o de oportunidades<\/strong><\/p>\n<p>Com uma taxa de desocupa\u00e7\u00e3o inferior \u00e0 m\u00e9dia nacional, Minas Gerais se consolida como um dos estados mais din\u00e2micos do pa\u00eds. Desde 2019, o estado j\u00e1 criou mais de 875 mil vagas formais, se aproximando de outra marca hist\u00f3rica: a de 1 milh\u00e3o de empregos gerados at\u00e9 2026.<\/p>\n<p>O secret\u00e1rio de Estado de\u00a0<a href=\"https:\/\/desenvolvimento.mg.gov.br\/\" target=\"_blank\" rel=\"noopener\">Desenvolvimento Econ\u00f4mico de Minas Gerais (Sede-MG)<\/a>, Fernando Passalio, ressaltou o trabalho desenvolvido no Estado para melhorar o ambiente para quem quer empreender.<\/p>\n<table border=\"0\" cellspacing=\"1\" cellpadding=\"1\" align=\"center\">\n<tbody>\n<tr>\n<td colspan=\"5\"><img decoding=\"async\" src=\"https:\/\/www.agenciaminas.mg.gov.br\/ckeditor_assets\/pictures\/20949\/content_2_olho_topo.jpg\" alt=\"\" \/><\/td>\n<\/tr>\n<tr>\n<td><\/td>\n<td colspan=\"3\" rowspan=\"3\">\n<h1><strong>&#8220;Temos realizado um trabalho para avan\u00e7ar na desburocratiza\u00e7\u00e3o e na melhoria do ambiente de neg\u00f3cios em Minas Gerais. E o empreendedor gera empregos. Vale destacar o papel fundamental das micro e pequenas empresas, respons\u00e1veis pela maior parte dos empregos gerados. Esses grandes empres\u00e1rios de pequenos neg\u00f3cios s\u00e3o verdadeiros gigantes no desenvolvimento da nossa economia&#8221;, disse Fernando Passalio.<\/strong><\/h1>\n<\/td>\n<td><\/td>\n<\/tr>\n<tr>\n<td><\/td>\n<td><\/td>\n<\/tr>\n<tr>\n<td><\/td>\n<td><\/td>\n<\/tr>\n<tr>\n<td colspan=\"5\"><img decoding=\"async\" src=\"https:\/\/www.agenciaminas.mg.gov.br\/ckeditor_assets\/pictures\/20950\/content_2_olho_inferior.jpg\" alt=\"\" \/><\/td>\n<\/tr>\n<\/tbody>\n<\/table>\n<p>O motor de oportunidades no estado \u00e9 o micro e pequeno neg\u00f3cio. O setor fechou o ano de 2024 mantendo alta no saldo de gera\u00e7\u00e3o de novos postos de trabalho ao redor do estado. Do saldo de mais de 139 mil vagas formais geradas, as micro e pequenas empresas (MPEs) foram respons\u00e1veis por 79,4% (110.783 empregos).<\/p>\n<figure class=\"image\"><img decoding=\"async\" src=\"https:\/\/www.agenciaminas.mg.gov.br\/ckeditor_assets\/pictures\/22478\/content_thumbnail_img_5814.jpg\" alt=\"\" \/><figcaption><em><sup>Giovanni Gon\u00e7alves:\u00a0\u201cO emprego \u00e9 essencial para crescer na vida esustentar minha fam\u00edlia&#8221; \/ Cr\u00e9dito foto: Victor Fagundes-Sede\/MG<\/sup><\/em><\/figcaption><\/figure>\n<p>Minas \u00e9 o segundo principal gerador de empregos por MPEs no Brasil, ficando atr\u00e1s apenas de S\u00e3o Paulo (306.523). No entanto, no estado paulista a participa\u00e7\u00e3o dos pequenos neg\u00f3cios \u00e9 menor que em Minas (66,7%).<\/p>\n<p>Uma das beneficiadas \u00e9 Ana Paula da Silva, de 30 anos, que trabalha como atendente em uma farm\u00e1cia de Barbacena, na Zona da Mata. Ela destaca a import\u00e2ncia do emprego em sua vida.<\/p>\n<p>\u201cEu acho muito importante ter um emprego, pois nos permite ser independentes e ter nosso pr\u00f3prio dinheiro. Para quem tem fam\u00edlia e filhos, isso ajuda demais. Hoje em dia, ter uma fonte de renda \u00e9 muito importante em nossas vidas, principalmente diante das dificuldades que enfrentamos\u201d, contou.<\/p>\n<p>E isso muda a vida dos mineiros de gera\u00e7\u00e3o em gera\u00e7\u00e3o, como aconteceu com o Giovanni Gon\u00e7alves, 29 anos, vendedor de cal\u00e7ados. \u201cO emprego \u00e9 essencial para crescer na vida e sustentar minha fam\u00edlia. Tenho um menino de oito anos, e minha prioridade \u00e9 trabalhar para oferecer o melhor para ele\u201d, disse.<\/p>\n<p><strong>M\u00e3o de obra qualificada<\/strong><\/p>\n<p>Para garantir que a popula\u00e7\u00e3o esteja capacitada para ocupar as vagas geradas, o governo estadual tem investido em qualifica\u00e7\u00e3o profissional. Programas como o Minas Forma, que oferece mais de 10 mil vagas em cursos voltados para pessoas em situa\u00e7\u00e3o de vulnerabilidade social, e o Trilhas de Futuro, direcionado \u00e0 forma\u00e7\u00e3o t\u00e9cnica de jovens, t\u00eam preparado milhares de mineiros para atender \u00e0s demandas do mercado de trabalho.<\/p>\n<p><strong>Atra\u00e7\u00e3o de investimentos<\/strong><\/p>\n<p>Em 2024, Minas manteve um desempenho de destaque na atra\u00e7\u00e3o de investimentos privados, acumulando mais de R$ 460 bilh\u00f5es desde 2019. Essa m\u00e9dia anual de R$ 80 bilh\u00f5es \u00e9 significativamente superior aos R$ 11 bilh\u00f5es registrados entre 1998 e 2018.<\/p>\n<p>O crescimento expressivo reflete um ambiente econ\u00f4mico est\u00e1vel, com incentivos fiscais e seguran\u00e7a jur\u00eddica que atraem novos neg\u00f3cios para o estado.<\/p>\n<p>Fonte: Ag\u00eancia Minas<\/p>\n","protected":false},"excerpt":{"rendered":"<p>Minas Gerais celebra um marco hist\u00f3rico: a taxa de desemprego chegou ao patamar de 4,3% no quarto trimestre de 2024, o menor \u00edndice desde o in\u00edcio da Pesquisa Nacional por Amostra de Domic\u00edlios Cont\u00ednua (Pnad Cont\u00ednua), iniciada em 2012. A taxa ficou abaixo da m\u00e9dia nacional, que registrou 6,2% no mesmo per\u00edodo. O resultado indica [&hellip;]<\/p>\n","protected":false},"author":246,"featured_media":226981,"comment_status":"closed","ping_status":"closed","sticky":false,"template":"","format":"standard","meta":{"footnotes":""},"categories":[436,440,261,254,252,439],"tags":[],"class_list":["post-226980","post","type-post","status-publish","format-standard","has-post-thumbnail","hentry","category-destaque-da-semana","category-destaques-do-dia","category-economia","category-politica","category-regiao","category-ultima-hora"],"_links":{"self":[{"href":"https:\/\/diarioregionaldigital.com.br\/index.php?rest_route=\/wp\/v2\/posts\/226980","targetHints":{"allow":["GET"]}}],"collection":[{"href":"https:\/\/diarioregionaldigital.com.br\/index.php?rest_route=\/wp\/v2\/posts"}],"about":[{"href":"https:\/\/diarioregionaldigital.com.br\/index.php?rest_route=\/wp\/v2\/types\/post"}],"author":[{"embeddable":true,"href":"https:\/\/diarioregionaldigital.com.br\/index.php?rest_route=\/wp\/v2\/users\/246"}],"replies":[{"embeddable":true,"href":"https:\/\/diarioregionaldigital.com.br\/index.php?rest_route=%2Fwp%2Fv2%2Fcomments&post=226980"}],"version-history":[{"count":1,"href":"https:\/\/diarioregionaldigital.com.br\/index.php?rest_route=\/wp\/v2\/posts\/226980\/revisions"}],"predecessor-version":[{"id":226982,"href":"https:\/\/diarioregionaldigital.com.br\/index.php?rest_route=\/wp\/v2\/posts\/226980\/revisions\/226982"}],"wp:featuredmedia":[{"embeddable":true,"href":"https:\/\/diarioregionaldigital.com.br\/index.php?rest_route=\/wp\/v2\/media\/226981"}],"wp:attachment":[{"href":"https:\/\/diarioregionaldigital.com.br\/index.php?rest_route=%2Fwp%2Fv2%2Fmedia&parent=226980"}],"wp:term":[{"taxonomy":"category","embeddable":true,"href":"https:\/\/diarioregionaldigital.com.br\/index.php?rest_route=%2Fwp%2Fv2%2Fcategories&post=226980"},{"taxonomy":"post_tag","embeddable":true,"href":"https:\/\/diarioregionaldigital.com.br\/index.php?rest_route=%2Fwp%2Fv2%2Ftags&post=226980"}],"curies":[{"name":"wp","href":"https:\/\/api.w.org\/{rel}","templated":true}]}}