{"id":226973,"date":"2025-02-21T20:49:58","date_gmt":"2025-02-21T23:49:58","guid":{"rendered":"https:\/\/diarioregionaldigital.com.br\/?p=226973"},"modified":"2025-02-21T20:49:58","modified_gmt":"2025-02-21T23:49:58","slug":"prefeitura-vistoria-o-sistema-de-videomonitoramento-para-apoio-a-eventos-de-carnaval","status":"publish","type":"post","link":"https:\/\/diarioregionaldigital.com.br\/?p=226973","title":{"rendered":"Prefeitura vistoria o sistema de videomonitoramento para apoio a eventos de Carnaval"},"content":{"rendered":"<p>Segundo informa\u00e7\u00f5es do site da Prefeitura de Juiz de Fora (PJF), desde o in\u00edcio do m\u00eas, a Prefeitura de Juiz de Fora realiza a confer\u00eancia das condi\u00e7\u00f5es de opera\u00e7\u00e3o das 225 novas c\u00e2meras que comp\u00f5em o Sistema Integrado de Videomonitoramento (SIV) da cidade. Tamb\u00e9m fizeram parte da manuten\u00e7\u00e3o as 54 c\u00e2meras do programa Olho Vivo. O objetivo da a\u00e7\u00e3o intensiva \u00e9 garantir o pleno funcionamento dos equipamentos durante o Carnaval 2025.<\/p>\n<p>As manuten\u00e7\u00f5es preventivas e corretivas das c\u00e2meras s\u00e3o feitas\u00a0rotineiramente sob a coordena\u00e7\u00e3o da Supervis\u00e3o de Seguran\u00e7a Patrimonial, da\u00a0Guarda Municipal, desde a implanta\u00e7\u00e3o do sistema em julho de 2024. S\u00e3o\u00a0verificadas as estruturas de postes, rede de cabos e dispositivos de capta\u00e7\u00e3o\u00a0de imagens de cada equipamento, a fim de assegurar a integridade dos componentes e a consequente qualidade de opera\u00e7\u00e3o dos equipamentos contratados pelo munic\u00edpio.<\/p>\n<p>O Sistema Integrado de Videomonitoramento atende, para al\u00e9m das demandas de seguran\u00e7a p\u00fablica, finalidades m\u00faltiplas para as quest\u00f5es de tr\u00e2nsito, Defesa Civil e fiscaliza\u00e7\u00e3o de posturas municipais, com uma rede que est\u00e1 distribu\u00edda em pontos estrat\u00e9gicos da cidade, incluindo a zona rural, entradas e sa\u00eddas do munic\u00edpio.<\/p>\n<p>Totalmente, coordenado e custeado pelo munic\u00edpio, o projeto representa\u00a0o maior avan\u00e7o alcan\u00e7ado pela seguran\u00e7a municipal nos \u00faltimos anos, com uma amplia\u00e7\u00e3o de 76% no n\u00famero de equipamentos de coleta de imagem utilizados na cidade. As imagens ainda s\u00e3o compartilhadas com as demais for\u00e7as de seguran\u00e7a, aumentando a capacidade de atua\u00e7\u00e3o e a efetividade das a\u00e7\u00f5es do setor, bem como promovendo maior sensa\u00e7\u00e3o de seguran\u00e7a para a popula\u00e7\u00e3o.<\/p>\n<p>&nbsp;<\/p>\n","protected":false},"excerpt":{"rendered":"<p>Segundo informa\u00e7\u00f5es do site da Prefeitura de Juiz de Fora (PJF), desde o in\u00edcio do m\u00eas, a Prefeitura de Juiz de Fora realiza a confer\u00eancia das condi\u00e7\u00f5es de opera\u00e7\u00e3o das 225 novas c\u00e2meras que comp\u00f5em o Sistema Integrado de Videomonitoramento (SIV) da cidade. Tamb\u00e9m fizeram parte da manuten\u00e7\u00e3o as 54 c\u00e2meras do programa Olho Vivo. [&hellip;]<\/p>\n","protected":false},"author":246,"featured_media":226974,"comment_status":"closed","ping_status":"closed","sticky":false,"template":"","format":"standard","meta":{"footnotes":""},"categories":[253,436,439],"tags":[],"class_list":["post-226973","post","type-post","status-publish","format-standard","has-post-thumbnail","hentry","category-cidade","category-destaque-da-semana","category-ultima-hora"],"_links":{"self":[{"href":"https:\/\/diarioregionaldigital.com.br\/index.php?rest_route=\/wp\/v2\/posts\/226973","targetHints":{"allow":["GET"]}}],"collection":[{"href":"https:\/\/diarioregionaldigital.com.br\/index.php?rest_route=\/wp\/v2\/posts"}],"about":[{"href":"https:\/\/diarioregionaldigital.com.br\/index.php?rest_route=\/wp\/v2\/types\/post"}],"author":[{"embeddable":true,"href":"https:\/\/diarioregionaldigital.com.br\/index.php?rest_route=\/wp\/v2\/users\/246"}],"replies":[{"embeddable":true,"href":"https:\/\/diarioregionaldigital.com.br\/index.php?rest_route=%2Fwp%2Fv2%2Fcomments&post=226973"}],"version-history":[{"count":1,"href":"https:\/\/diarioregionaldigital.com.br\/index.php?rest_route=\/wp\/v2\/posts\/226973\/revisions"}],"predecessor-version":[{"id":226975,"href":"https:\/\/diarioregionaldigital.com.br\/index.php?rest_route=\/wp\/v2\/posts\/226973\/revisions\/226975"}],"wp:featuredmedia":[{"embeddable":true,"href":"https:\/\/diarioregionaldigital.com.br\/index.php?rest_route=\/wp\/v2\/media\/226974"}],"wp:attachment":[{"href":"https:\/\/diarioregionaldigital.com.br\/index.php?rest_route=%2Fwp%2Fv2%2Fmedia&parent=226973"}],"wp:term":[{"taxonomy":"category","embeddable":true,"href":"https:\/\/diarioregionaldigital.com.br\/index.php?rest_route=%2Fwp%2Fv2%2Fcategories&post=226973"},{"taxonomy":"post_tag","embeddable":true,"href":"https:\/\/diarioregionaldigital.com.br\/index.php?rest_route=%2Fwp%2Fv2%2Ftags&post=226973"}],"curies":[{"name":"wp","href":"https:\/\/api.w.org\/{rel}","templated":true}]}}