{"id":226970,"date":"2025-02-21T20:49:15","date_gmt":"2025-02-21T23:49:15","guid":{"rendered":"https:\/\/diarioregionaldigital.com.br\/?p=226970"},"modified":"2025-02-21T20:49:15","modified_gmt":"2025-02-21T23:49:15","slug":"prefeitura-inicia-processo-de-asfaltamento-da-rua-cesario-alvim","status":"publish","type":"post","link":"https:\/\/diarioregionaldigital.com.br\/?p=226970","title":{"rendered":"Prefeitura inicia processo de asfaltamento da Rua Ces\u00e1rio Alvim"},"content":{"rendered":"<p>Segundo informa\u00e7\u00f5es do site da Prefeitura de Juiz de Fora (PJF), a PJF\u00a0est\u00e1 entrando na fase final das obras de macrodrenagem da Rua Ces\u00e1rio Alvim. Na pr\u00f3xima segunda-feira (24), come\u00e7am os trabalhos para asfaltamento da via.<\/p>\n<p>Neste primeiro momento, est\u00e3o previstas a regulariza\u00e7\u00e3o do subleito e execu\u00e7\u00e3o da base para que, na sequ\u00eancia, seja aplicado o pavimento asf\u00e1ltico. Al\u00e9m destes, ser\u00e1 realizada a aplica\u00e7\u00e3o de uma fina camada asf\u00e1ltica com a finalidade de prote\u00e7\u00e3o da base contra os impactos gerados por novas intemp\u00e9ries.<\/p>\n<p>Posteriormente, ser\u00e1 executada a pavimenta\u00e7\u00e3o asf\u00e1ltica final, pela Empresa Municipal de Pavimenta\u00e7\u00e3o e Urbanidades (Empav), garantindo um novo pavimento de qualidade para a via. Com o objetivo de minimizar os transtornos, os caminh\u00f5es pipas seguir\u00e3o sendo utilizados na rua para reduzir a poeira gerada pelo servi\u00e7o.<\/p>\n<p><strong>Obra de macrodrenagem da Rua Ces\u00e1rio Alvim<\/strong><\/p>\n<p>A obra, que \u00e9 realizada em conjunto pela Secretaria de Obras (SO) e pela\u00a0Companhia de Saneamento Municipal (Cesama),\u00a0consiste na implanta\u00e7\u00e3o de um novo sistema de drenagem, que busca solucionar os problemas hidrol\u00f3gicos existentes no local, como os alagamentos e enxurradas. A execu\u00e7\u00e3o compreende as obras de drenagem das ruas Joaquim Henrique Viana, Ces\u00e1rio Alvim, Goi\u00e1s, Palmira Pessoa e Padre Arnaldo Jansen.<\/p>\n<p>Por meio da SO, a PJF elaborou um projeto que ir\u00e1 impedir que as \u00e1guas que caem no bairro entrem na casa das pessoas e destruam o asfalto, danificado na esta\u00e7\u00e3o das chuvas. Al\u00e9m disso, est\u00e3o sendo constru\u00eddas no local duas novas redes de esgotamento sanit\u00e1rio pela Cesama, retirando o esgoto domiciliar do sistema de drenagem, al\u00e9m da implanta\u00e7\u00e3o de uma nova rede de recalque de \u00e1gua pot\u00e1vel, garantindo maior efici\u00eancia para o sistema de abastecimento de \u00e1gua dos bairros adjacentes.<\/p>\n<p>A obra de drenagem se encontra em fase final de execu\u00e7\u00e3o. Dos 2,2 km de extens\u00e3o previstos j\u00e1 foram entregues 1,4 km de tubula\u00e7\u00e3o em polietileno de alta densidade (Pead) com di\u00e2metros de 800 a 1200 mm e mais de 700 metros de galerias de concreto pr\u00e9-moldadas com 5 metros de se\u00e7\u00e3o transversal. As interven\u00e7\u00f5es s\u00e3o custeadas pelo\u00a0Fundo Municipal de Saneamento B\u00e1sico, aprovado em 2021.<\/p>\n","protected":false},"excerpt":{"rendered":"<p>Segundo informa\u00e7\u00f5es do site da Prefeitura de Juiz de Fora (PJF), a PJF\u00a0est\u00e1 entrando na fase final das obras de macrodrenagem da Rua Ces\u00e1rio Alvim. Na pr\u00f3xima segunda-feira (24), come\u00e7am os trabalhos para asfaltamento da via. Neste primeiro momento, est\u00e3o previstas a regulariza\u00e7\u00e3o do subleito e execu\u00e7\u00e3o da base para que, na sequ\u00eancia, seja aplicado [&hellip;]<\/p>\n","protected":false},"author":246,"featured_media":226971,"comment_status":"closed","ping_status":"closed","sticky":false,"template":"","format":"standard","meta":{"footnotes":""},"categories":[253,436,439],"tags":[],"class_list":["post-226970","post","type-post","status-publish","format-standard","has-post-thumbnail","hentry","category-cidade","category-destaque-da-semana","category-ultima-hora"],"_links":{"self":[{"href":"https:\/\/diarioregionaldigital.com.br\/index.php?rest_route=\/wp\/v2\/posts\/226970","targetHints":{"allow":["GET"]}}],"collection":[{"href":"https:\/\/diarioregionaldigital.com.br\/index.php?rest_route=\/wp\/v2\/posts"}],"about":[{"href":"https:\/\/diarioregionaldigital.com.br\/index.php?rest_route=\/wp\/v2\/types\/post"}],"author":[{"embeddable":true,"href":"https:\/\/diarioregionaldigital.com.br\/index.php?rest_route=\/wp\/v2\/users\/246"}],"replies":[{"embeddable":true,"href":"https:\/\/diarioregionaldigital.com.br\/index.php?rest_route=%2Fwp%2Fv2%2Fcomments&post=226970"}],"version-history":[{"count":1,"href":"https:\/\/diarioregionaldigital.com.br\/index.php?rest_route=\/wp\/v2\/posts\/226970\/revisions"}],"predecessor-version":[{"id":226972,"href":"https:\/\/diarioregionaldigital.com.br\/index.php?rest_route=\/wp\/v2\/posts\/226970\/revisions\/226972"}],"wp:featuredmedia":[{"embeddable":true,"href":"https:\/\/diarioregionaldigital.com.br\/index.php?rest_route=\/wp\/v2\/media\/226971"}],"wp:attachment":[{"href":"https:\/\/diarioregionaldigital.com.br\/index.php?rest_route=%2Fwp%2Fv2%2Fmedia&parent=226970"}],"wp:term":[{"taxonomy":"category","embeddable":true,"href":"https:\/\/diarioregionaldigital.com.br\/index.php?rest_route=%2Fwp%2Fv2%2Fcategories&post=226970"},{"taxonomy":"post_tag","embeddable":true,"href":"https:\/\/diarioregionaldigital.com.br\/index.php?rest_route=%2Fwp%2Fv2%2Ftags&post=226970"}],"curies":[{"name":"wp","href":"https:\/\/api.w.org\/{rel}","templated":true}]}}