{"id":226967,"date":"2025-02-21T20:48:30","date_gmt":"2025-02-21T23:48:30","guid":{"rendered":"https:\/\/diarioregionaldigital.com.br\/?p=226967"},"modified":"2025-02-21T20:48:30","modified_gmt":"2025-02-21T23:48:30","slug":"fiscalizacao-apreende-mais-de-600-materiais-irregulares-em-operacao-do-comercio-legal","status":"publish","type":"post","link":"https:\/\/diarioregionaldigital.com.br\/?p=226967","title":{"rendered":"Fiscaliza\u00e7\u00e3o apreende mais de 600 materiais irregulares em opera\u00e7\u00e3o do Com\u00e9rcio Legal"},"content":{"rendered":"<p>Segundo informa\u00e7\u00f5es do site da Prefeitura de Juiz de Fora (PJF), nesta semana, a Prefeitura de Juiz de Fora (PJF), por meio da Fiscaliza\u00e7\u00e3o de Posturas da Secretaria de Desenvolvimento Urbano com Participa\u00e7\u00e3o Popular (Sedupp), apreendeu mais de 600 materiais que seriam vendidos de maneira irregular.\u00a0 A a\u00e7\u00e3o integra a opera\u00e7\u00e3o \u201cCom\u00e9rcio Legal\u201d, que visa coibir o com\u00e9rcio irregular no Centro de Juiz de Fora.<\/p>\n<p>Ao todo, foram apreendidos 684 materiais irregulares, entre os itens est\u00e3o 94 caixas de morango, 74 \u00f3culos, 64 sucatas de rel\u00f3gios diversos, 47 baterias de rel\u00f3gio, 44 caixas de rel\u00f3gio e mais 361 mercadorias diversas apreendidas. O objetivo dessas interven\u00e7\u00f5es \u00e9 combater o com\u00e9rcio irregular na \u00e1rea central, garantir os direitos e a sa\u00fade dos consumidores e assegurar o cumprimento do edital de licita\u00e7\u00e3o para o com\u00e9rcio popular.<\/p>\n<p>Caso o vendedor irregular queira reaver a mercadoria apreendida, \u00e9 preciso, no prazo de 15 dias da apreens\u00e3o, protocolar pedido atrav\u00e9s do\u00a0<a href=\"https:\/\/www.pjf.mg.gov.br\/agil\/\">Prefeitura \u00c1gil<\/a>\u00a0e efetuar o pagamento de multa e taxa de apreens\u00e3o. \u00c9 necess\u00e1rio apresentar comprovante de propriedade da mercadoria, tal como nota fiscal.<\/p>\n","protected":false},"excerpt":{"rendered":"<p>Segundo informa\u00e7\u00f5es do site da Prefeitura de Juiz de Fora (PJF), nesta semana, a Prefeitura de Juiz de Fora (PJF), por meio da Fiscaliza\u00e7\u00e3o de Posturas da Secretaria de Desenvolvimento Urbano com Participa\u00e7\u00e3o Popular (Sedupp), apreendeu mais de 600 materiais que seriam vendidos de maneira irregular.\u00a0 A a\u00e7\u00e3o integra a opera\u00e7\u00e3o \u201cCom\u00e9rcio Legal\u201d, que visa [&hellip;]<\/p>\n","protected":false},"author":246,"featured_media":226968,"comment_status":"closed","ping_status":"closed","sticky":false,"template":"","format":"standard","meta":{"footnotes":""},"categories":[253,436,440,439],"tags":[],"class_list":["post-226967","post","type-post","status-publish","format-standard","has-post-thumbnail","hentry","category-cidade","category-destaque-da-semana","category-destaques-do-dia","category-ultima-hora"],"_links":{"self":[{"href":"https:\/\/diarioregionaldigital.com.br\/index.php?rest_route=\/wp\/v2\/posts\/226967","targetHints":{"allow":["GET"]}}],"collection":[{"href":"https:\/\/diarioregionaldigital.com.br\/index.php?rest_route=\/wp\/v2\/posts"}],"about":[{"href":"https:\/\/diarioregionaldigital.com.br\/index.php?rest_route=\/wp\/v2\/types\/post"}],"author":[{"embeddable":true,"href":"https:\/\/diarioregionaldigital.com.br\/index.php?rest_route=\/wp\/v2\/users\/246"}],"replies":[{"embeddable":true,"href":"https:\/\/diarioregionaldigital.com.br\/index.php?rest_route=%2Fwp%2Fv2%2Fcomments&post=226967"}],"version-history":[{"count":1,"href":"https:\/\/diarioregionaldigital.com.br\/index.php?rest_route=\/wp\/v2\/posts\/226967\/revisions"}],"predecessor-version":[{"id":226969,"href":"https:\/\/diarioregionaldigital.com.br\/index.php?rest_route=\/wp\/v2\/posts\/226967\/revisions\/226969"}],"wp:featuredmedia":[{"embeddable":true,"href":"https:\/\/diarioregionaldigital.com.br\/index.php?rest_route=\/wp\/v2\/media\/226968"}],"wp:attachment":[{"href":"https:\/\/diarioregionaldigital.com.br\/index.php?rest_route=%2Fwp%2Fv2%2Fmedia&parent=226967"}],"wp:term":[{"taxonomy":"category","embeddable":true,"href":"https:\/\/diarioregionaldigital.com.br\/index.php?rest_route=%2Fwp%2Fv2%2Fcategories&post=226967"},{"taxonomy":"post_tag","embeddable":true,"href":"https:\/\/diarioregionaldigital.com.br\/index.php?rest_route=%2Fwp%2Fv2%2Ftags&post=226967"}],"curies":[{"name":"wp","href":"https:\/\/api.w.org\/{rel}","templated":true}]}}