{"id":226964,"date":"2025-02-21T20:46:10","date_gmt":"2025-02-21T23:46:10","guid":{"rendered":"https:\/\/diarioregionaldigital.com.br\/?p=226964"},"modified":"2025-02-21T20:46:10","modified_gmt":"2025-02-21T23:46:10","slug":"tv-brasil-vai-transmitir-competicoes-de-futebol-feminino-em-2025","status":"publish","type":"post","link":"https:\/\/diarioregionaldigital.com.br\/?p=226964","title":{"rendered":"TV Brasil vai transmitir competi\u00e7\u00f5es de futebol feminino em 2025"},"content":{"rendered":"<p>A Confedera\u00e7\u00e3o Brasileira de Futebol (CBF) anunciou oficialmente o calend\u00e1rio de competi\u00e7\u00f5es do Futebol Feminino para a temporada de 2025. A\u00a0<strong>TV Brasil<\/strong>, detentora de direitos de transmiss\u00e3o de diversos campeonatos, incluir\u00e1 os jogos em sua programa\u00e7\u00e3o esportiva.<img decoding=\"async\" src=\"https:\/\/agenciabrasil.ebc.com.br\/ebc.png?id=1631471&amp;o=node\" \/><img decoding=\"async\" src=\"https:\/\/agenciabrasil.ebc.com.br\/ebc.gif?id=1631471&amp;o=node\" \/><\/p>\n<p>As datas, hor\u00e1rios e escolhas das partidas ser\u00e3o definidos posteriormente, em conjunto com a CBF. A expectativa \u00e9 que as transmiss\u00f5es tenham in\u00edcio em 23 de mar\u00e7o, com o Campeonato Brasileiro de Futebol Feminino \u2013 S\u00e9rie A1. Tamb\u00e9m haver\u00e1 transmiss\u00f5es de partidas das s\u00e9ries A2, A3, e as finais do Sub-20 e Sub-17.<\/p>\n<p>\u201cA\u00a0<strong>TV Brasil<\/strong>\u00a0se orgulha de ser a tela do esporte feminino\u201d, afirma o diretor-presidente da\u00a0<strong>Empresa Brasil de Comunica\u00e7\u00e3o (EBC)<\/strong>, Jean Lima. \u201cAinda mais com a realiza\u00e7\u00e3o da Copa do Mundo de Futebol Feminino no Brasil em 2027, acreditamos que o esporte merece e precisa de mais espa\u00e7o, o que muitas vezes n\u00e3o ocorre na m\u00eddia comercial. \u00c9 uma forma de incentivo e difus\u00e3o da pr\u00e1tica. Desde o ano passado, essa \u00e9 uma diretriz clara da programa\u00e7\u00e3o da TV p\u00fablica\u201d, afirma.<\/p>\n<h2>Calend\u00e1rio das competi\u00e7\u00f5es<\/h2>\n<p>Brasileiro Feminino A1 &#8211; 23 de mar\u00e7o a 14 de setembro<\/p>\n<p>Brasileiro Feminino A2 &#8211; 19 de abril a 30 de agosto<\/p>\n<p>Brasileiro Feminino A3 &#8211; 26 de abril a 16 de agosto<\/p>\n<p>Brasileiro Feminino Sub-20 &#8211; 5 de junho a 21 de agosto<\/p>\n<p>Brasileiro Feminino Sub-17 &#8211; 7 de junho a 16 de agosto<\/p>\n<h2>Onde assistir<\/h2>\n<p>A programa\u00e7\u00e3o da TV Brasil\u00a0<a href=\"https:\/\/tvbrasil.ebc.com.br\/comosintonizar\">pode ser acompanhada<\/a>\u00a0pelo canal aberto, TV por assinatura e parab\u00f3lica, al\u00e9m da\u00a0<a href=\"https:\/\/tvbrasil.ebc.com.br\/webtv.\">Web TV<\/a>.<\/p>\n<p>Os programas tamb\u00e9m est\u00e3o no\u00a0<a href=\"http:\/\/tvbrasilplay.com.br\/\">TV Brasil Play<\/a>, ou por aplicativo no smartphone. O app pode ser baixado gratuitamente e est\u00e1 dispon\u00edvel para Android e iOS.<\/p>\n<p>Fonte: Ag\u00eancia Brasil<\/p>\n","protected":false},"excerpt":{"rendered":"<p>A Confedera\u00e7\u00e3o Brasileira de Futebol (CBF) anunciou oficialmente o calend\u00e1rio de competi\u00e7\u00f5es do Futebol Feminino para a temporada de 2025. A\u00a0TV Brasil, detentora de direitos de transmiss\u00e3o de diversos campeonatos, incluir\u00e1 os jogos em sua programa\u00e7\u00e3o esportiva. As datas, hor\u00e1rios e escolhas das partidas ser\u00e3o definidos posteriormente, em conjunto com a CBF. A expectativa \u00e9 [&hellip;]<\/p>\n","protected":false},"author":246,"featured_media":226965,"comment_status":"closed","ping_status":"closed","sticky":false,"template":"","format":"standard","meta":{"footnotes":""},"categories":[436,257,439],"tags":[],"class_list":["post-226964","post","type-post","status-publish","format-standard","has-post-thumbnail","hentry","category-destaque-da-semana","category-esporte","category-ultima-hora"],"_links":{"self":[{"href":"https:\/\/diarioregionaldigital.com.br\/index.php?rest_route=\/wp\/v2\/posts\/226964","targetHints":{"allow":["GET"]}}],"collection":[{"href":"https:\/\/diarioregionaldigital.com.br\/index.php?rest_route=\/wp\/v2\/posts"}],"about":[{"href":"https:\/\/diarioregionaldigital.com.br\/index.php?rest_route=\/wp\/v2\/types\/post"}],"author":[{"embeddable":true,"href":"https:\/\/diarioregionaldigital.com.br\/index.php?rest_route=\/wp\/v2\/users\/246"}],"replies":[{"embeddable":true,"href":"https:\/\/diarioregionaldigital.com.br\/index.php?rest_route=%2Fwp%2Fv2%2Fcomments&post=226964"}],"version-history":[{"count":1,"href":"https:\/\/diarioregionaldigital.com.br\/index.php?rest_route=\/wp\/v2\/posts\/226964\/revisions"}],"predecessor-version":[{"id":226966,"href":"https:\/\/diarioregionaldigital.com.br\/index.php?rest_route=\/wp\/v2\/posts\/226964\/revisions\/226966"}],"wp:featuredmedia":[{"embeddable":true,"href":"https:\/\/diarioregionaldigital.com.br\/index.php?rest_route=\/wp\/v2\/media\/226965"}],"wp:attachment":[{"href":"https:\/\/diarioregionaldigital.com.br\/index.php?rest_route=%2Fwp%2Fv2%2Fmedia&parent=226964"}],"wp:term":[{"taxonomy":"category","embeddable":true,"href":"https:\/\/diarioregionaldigital.com.br\/index.php?rest_route=%2Fwp%2Fv2%2Fcategories&post=226964"},{"taxonomy":"post_tag","embeddable":true,"href":"https:\/\/diarioregionaldigital.com.br\/index.php?rest_route=%2Fwp%2Fv2%2Ftags&post=226964"}],"curies":[{"name":"wp","href":"https:\/\/api.w.org\/{rel}","templated":true}]}}