{"id":226961,"date":"2025-02-21T20:45:00","date_gmt":"2025-02-21T23:45:00","guid":{"rendered":"https:\/\/diarioregionaldigital.com.br\/?p=226961"},"modified":"2025-02-21T20:45:00","modified_gmt":"2025-02-21T23:45:00","slug":"prazo-para-inscricoes-no-bolsa-atleta-2025-termina-segunda-feira","status":"publish","type":"post","link":"https:\/\/diarioregionaldigital.com.br\/?p=226961","title":{"rendered":"Prazo para inscri\u00e7\u00f5es no Bolsa Atleta 2025 termina segunda-feira"},"content":{"rendered":"<p>Termina na segunda-feira (24), o prazo para inscri\u00e7\u00f5es no\u00a0<a href=\"https:\/\/www.gov.br\/esporte\/pt-br\/acoes-e-programas\/ProgramaBolsaAtleta\" target=\"_blank\" rel=\"noopener\">Programa Bolsa Atleta 2025<\/a>, destinado a atletas de alto desempenho com bons resultados em competi\u00e7\u00f5es oficiais. Interessados em participar do programa devem acessar o Sistema Bolsa Atleta, apresentar a documenta\u00e7\u00e3o necess\u00e1ria e preencher o formul\u00e1rio\u00a0<em>online<\/em>.<img decoding=\"async\" src=\"https:\/\/agenciabrasil.ebc.com.br\/ebc.png?id=1631336&amp;o=node\" \/><img decoding=\"async\" src=\"https:\/\/agenciabrasil.ebc.com.br\/ebc.gif?id=1631336&amp;o=node\" \/><\/p>\n<p>A expectativa \u00e9 de que a primeira lista com os contemplados para o programa seja publicada entre os dias 22 e 24 abril. Detalhes sobre funcionamento est\u00e3o descritos no\u00a0<a href=\"https:\/\/www.in.gov.br\/en\/web\/dou\/-\/edital-n-1-de-30-de-janeiro-de-2025-610153691\" target=\"_blank\" rel=\"noopener\">edital do programa<\/a>, publicado no final de janeiro.<\/p>\n<p>\u201cAl\u00e9m de estabelecer crit\u00e9rios e procedimentos para concess\u00e3o do benef\u00edcio, suspens\u00e3o e cancelamento de bolsas, o edital lista formas e prazos para a inscri\u00e7\u00e3o dos interessados na obten\u00e7\u00e3o e presta\u00e7\u00e3o de contas dos recursos financeiros recebidos e dos resultados esportivos propostos e alcan\u00e7ados pelos atletas\u201d, informou o Minist\u00e9rio do Esporte.<\/p>\n<h2>Alto desempenho<\/h2>\n<p>O programa \u00e9 voltado a atletas de alto desempenho que obtiveram bons resultados em competi\u00e7\u00f5es nacionais e internacionais nas modalidades previstas no edital, durante as competi\u00e7\u00f5es realizadas em 2024.<\/p>\n<p>O minist\u00e9rio destaca que o aux\u00edlio benef\u00edcio pode ser estendido tamb\u00e9m a atletas gestantes e pu\u00e9rperas; atletas surdos e guias; e auxiliares do esporte paral\u00edmpico.<\/p>\n<p>De acordo com o edital, as categorias s\u00e3o de base, estudantil, nacional, internacional e ol\u00edmpica \u2013 o que inclui paral\u00edmpica e surdol\u00edmpica (olimp\u00edadas para surdos).<\/p>\n<p>Segundo o minist\u00e9rio, o programa visa garantir condi\u00e7\u00f5es m\u00ednimas para que os atletas se dediquem &#8211; \u201ccom exclusividade e tranquilidade\u201d &#8211; ao treinamento e a competi\u00e7\u00f5es locais, sul-americanas, pan-americanas, mundiais, ol\u00edmpicas e paral\u00edmpicas.<\/p>\n<p>Fonte: Ag\u00eancia Brasil<\/p>\n","protected":false},"excerpt":{"rendered":"<p>Termina na segunda-feira (24), o prazo para inscri\u00e7\u00f5es no\u00a0Programa Bolsa Atleta 2025, destinado a atletas de alto desempenho com bons resultados em competi\u00e7\u00f5es oficiais. Interessados em participar do programa devem acessar o Sistema Bolsa Atleta, apresentar a documenta\u00e7\u00e3o necess\u00e1ria e preencher o formul\u00e1rio\u00a0online. A expectativa \u00e9 de que a primeira lista com os contemplados para [&hellip;]<\/p>\n","protected":false},"author":246,"featured_media":226962,"comment_status":"closed","ping_status":"closed","sticky":false,"template":"","format":"standard","meta":{"footnotes":""},"categories":[436,440,257,439],"tags":[],"class_list":["post-226961","post","type-post","status-publish","format-standard","has-post-thumbnail","hentry","category-destaque-da-semana","category-destaques-do-dia","category-esporte","category-ultima-hora"],"_links":{"self":[{"href":"https:\/\/diarioregionaldigital.com.br\/index.php?rest_route=\/wp\/v2\/posts\/226961","targetHints":{"allow":["GET"]}}],"collection":[{"href":"https:\/\/diarioregionaldigital.com.br\/index.php?rest_route=\/wp\/v2\/posts"}],"about":[{"href":"https:\/\/diarioregionaldigital.com.br\/index.php?rest_route=\/wp\/v2\/types\/post"}],"author":[{"embeddable":true,"href":"https:\/\/diarioregionaldigital.com.br\/index.php?rest_route=\/wp\/v2\/users\/246"}],"replies":[{"embeddable":true,"href":"https:\/\/diarioregionaldigital.com.br\/index.php?rest_route=%2Fwp%2Fv2%2Fcomments&post=226961"}],"version-history":[{"count":1,"href":"https:\/\/diarioregionaldigital.com.br\/index.php?rest_route=\/wp\/v2\/posts\/226961\/revisions"}],"predecessor-version":[{"id":226963,"href":"https:\/\/diarioregionaldigital.com.br\/index.php?rest_route=\/wp\/v2\/posts\/226961\/revisions\/226963"}],"wp:featuredmedia":[{"embeddable":true,"href":"https:\/\/diarioregionaldigital.com.br\/index.php?rest_route=\/wp\/v2\/media\/226962"}],"wp:attachment":[{"href":"https:\/\/diarioregionaldigital.com.br\/index.php?rest_route=%2Fwp%2Fv2%2Fmedia&parent=226961"}],"wp:term":[{"taxonomy":"category","embeddable":true,"href":"https:\/\/diarioregionaldigital.com.br\/index.php?rest_route=%2Fwp%2Fv2%2Fcategories&post=226961"},{"taxonomy":"post_tag","embeddable":true,"href":"https:\/\/diarioregionaldigital.com.br\/index.php?rest_route=%2Fwp%2Fv2%2Ftags&post=226961"}],"curies":[{"name":"wp","href":"https:\/\/api.w.org\/{rel}","templated":true}]}}