{"id":226947,"date":"2025-02-21T20:40:41","date_gmt":"2025-02-21T23:40:41","guid":{"rendered":"https:\/\/diarioregionaldigital.com.br\/?p=226947"},"modified":"2025-02-21T20:40:41","modified_gmt":"2025-02-21T23:40:41","slug":"dolar-sobe-para-r-573-com-novo-coronavirus-na-china","status":"publish","type":"post","link":"https:\/\/diarioregionaldigital.com.br\/?p=226947","title":{"rendered":"D\u00f3lar sobe para R$ 5,73 com novo coronav\u00edrus na China"},"content":{"rendered":"<p>As incertezas em rela\u00e7\u00e3o ao governo de Donald Trump e a descoberta de um novo tipo de coronav\u00edrus na China provocaram turbul\u00eancias no mercado financeiro. O d\u00f3lar teve a primeira alta semanal em sete semanas. A bolsa de valores teve pequena queda, tamb\u00e9m influenciada pelo exterior.<img decoding=\"async\" src=\"https:\/\/agenciabrasil.ebc.com.br\/ebc.png?id=1631480&amp;o=node\" \/><img decoding=\"async\" src=\"https:\/\/agenciabrasil.ebc.com.br\/ebc.gif?id=1631480&amp;o=node\" \/><\/p>\n<p>O d\u00f3lar comercial encerrou esta sexta-feira (21) vendido a R$ 5,731, com alta de R$ 0,026 (+0,46%). A cota\u00e7\u00e3o operou em queda durante a maior parte do dia, chegando a R$ 5,69 por volta das 13h45. No entanto, passou a subir no meio da tarde, ap\u00f3s o jornal brit\u00e2nico Daily Mail divulgar a not\u00edcia de que um novo coronav\u00edrus descoberto em morcegos na China tem potencial de transmiss\u00e3o entre humanos.<\/p>\n<p>Com a alta desta sexta, a moeda norte-americana subiu 0,58% na semana. Em 2025, a divisa cai 7,26%.<\/p>\n<p>A not\u00edcia do novo v\u00edrus tamb\u00e9m trouxe turbul\u00eancias no mercado de a\u00e7\u00f5es. O \u00edndice Ibovespa, da B3, fechou aos 127.128 pontos, com recuo de 0,37%. Al\u00e9m de seguir o mercado internacional, o indicador foi afetado pela queda do pre\u00e7o do petr\u00f3leo, que afetou pa\u00edses emergentes.<\/p>\n<p>Logo ap\u00f3s a divulga\u00e7\u00e3o sobre o novo coronav\u00edrus, as bolsas norte-americanas passaram a cair, empurrando o mercado global. A queda dos juros dos t\u00edtulos norte-americanos, considerados os investimentos mais seguros do planeta, n\u00e3o se refletiu em baixa do d\u00f3lar, como costuma ocorrer.<\/p>\n<p>Fonte: Ag\u00eancia Brasil<\/p>\n","protected":false},"excerpt":{"rendered":"<p>As incertezas em rela\u00e7\u00e3o ao governo de Donald Trump e a descoberta de um novo tipo de coronav\u00edrus na China provocaram turbul\u00eancias no mercado financeiro. O d\u00f3lar teve a primeira alta semanal em sete semanas. A bolsa de valores teve pequena queda, tamb\u00e9m influenciada pelo exterior. O d\u00f3lar comercial encerrou esta sexta-feira (21) vendido a [&hellip;]<\/p>\n","protected":false},"author":246,"featured_media":226948,"comment_status":"closed","ping_status":"closed","sticky":false,"template":"","format":"standard","meta":{"footnotes":""},"categories":[436,440,261,439],"tags":[],"class_list":["post-226947","post","type-post","status-publish","format-standard","has-post-thumbnail","hentry","category-destaque-da-semana","category-destaques-do-dia","category-economia","category-ultima-hora"],"_links":{"self":[{"href":"https:\/\/diarioregionaldigital.com.br\/index.php?rest_route=\/wp\/v2\/posts\/226947","targetHints":{"allow":["GET"]}}],"collection":[{"href":"https:\/\/diarioregionaldigital.com.br\/index.php?rest_route=\/wp\/v2\/posts"}],"about":[{"href":"https:\/\/diarioregionaldigital.com.br\/index.php?rest_route=\/wp\/v2\/types\/post"}],"author":[{"embeddable":true,"href":"https:\/\/diarioregionaldigital.com.br\/index.php?rest_route=\/wp\/v2\/users\/246"}],"replies":[{"embeddable":true,"href":"https:\/\/diarioregionaldigital.com.br\/index.php?rest_route=%2Fwp%2Fv2%2Fcomments&post=226947"}],"version-history":[{"count":1,"href":"https:\/\/diarioregionaldigital.com.br\/index.php?rest_route=\/wp\/v2\/posts\/226947\/revisions"}],"predecessor-version":[{"id":226949,"href":"https:\/\/diarioregionaldigital.com.br\/index.php?rest_route=\/wp\/v2\/posts\/226947\/revisions\/226949"}],"wp:featuredmedia":[{"embeddable":true,"href":"https:\/\/diarioregionaldigital.com.br\/index.php?rest_route=\/wp\/v2\/media\/226948"}],"wp:attachment":[{"href":"https:\/\/diarioregionaldigital.com.br\/index.php?rest_route=%2Fwp%2Fv2%2Fmedia&parent=226947"}],"wp:term":[{"taxonomy":"category","embeddable":true,"href":"https:\/\/diarioregionaldigital.com.br\/index.php?rest_route=%2Fwp%2Fv2%2Fcategories&post=226947"},{"taxonomy":"post_tag","embeddable":true,"href":"https:\/\/diarioregionaldigital.com.br\/index.php?rest_route=%2Fwp%2Fv2%2Ftags&post=226947"}],"curies":[{"name":"wp","href":"https:\/\/api.w.org\/{rel}","templated":true}]}}