{"id":226943,"date":"2025-02-21T17:51:21","date_gmt":"2025-02-21T20:51:21","guid":{"rendered":"https:\/\/diarioregionaldigital.com.br\/?p=226943"},"modified":"2025-02-21T17:51:21","modified_gmt":"2025-02-21T20:51:21","slug":"extrato-de-contrato-013-2025","status":"publish","type":"post","link":"https:\/\/diarioregionaldigital.com.br\/?p=226943","title":{"rendered":"EXTRATO DE CONTRATO 013\/2025"},"content":{"rendered":"<p class=\"s2\">\n<p class=\"s2\"><span class=\"s3\"><span class=\"bumpedFont17\">Pref. Municipal de Descoberto x<\/span><\/span> <span class=\"s3\"><span class=\"bumpedFont17\">Engequisa<\/span><\/span><span class=\"s3\"><span class=\"bumpedFont17\"> Engenharia Qu\u00edmica Sanit\u00e1ria e Ambiental<\/span><\/span><span class=\"s3\"><span class=\"bumpedFont17\"> Ltda<\/span><\/span> <span class=\"s3\"><span class=\"bumpedFont17\">\u2013<\/span><\/span><span class=\"s3\"><span class=\"bumpedFont17\"> Objeto: <\/span><\/span><span class=\"s3\"><span class=\"bumpedFont17\">Contrata\u00e7\u00e3o de empresa para atendimento \u00e0 SUPRAM-ZM com frequ\u00eancia <\/span><\/span><span class=\"s4\"><span class=\"bumpedFont17\">semestral<\/span><\/span><span class=\"s3\"><span class=\"bumpedFont17\">correspondentes a an\u00e1lises de \u00e1gua do <\/span><\/span><span class=\"s3\"><span class=\"bumpedFont17\">Programa de Automonitoramento da Licen\u00e7a Ambiental Simplificada do empreendimento \u201cEsta\u00e7\u00e3o de Transbordo e Unidade de Triagem e Compostagem \u2013 UTC\u201d<\/span><\/span><span class=\"s3\"><span class=\"bumpedFont17\">, para atender as necessidades do Departamento de Meio Ambiente, Saneamento e Agropecu\u00e1ria<\/span><\/span><span class=\"s3\"><span class=\"bumpedFont17\">&#8211;<\/span><\/span><span class=\"s3\"><span class=\"bumpedFont17\">Fundamento<\/span><\/span><span class=\"s3\"><span class=\"bumpedFont17\">:<\/span><\/span> <span class=\"s3\"><span class=\"bumpedFont17\">Dispensa Presencial<\/span><\/span><span class=\"s3\"><span class=\"bumpedFont17\"> n\u00ba 0<\/span><\/span><span class=\"s3\"><span class=\"bumpedFont17\">0<\/span><\/span><span class=\"s3\"><span class=\"bumpedFont17\">2\/2025 <\/span><\/span><span class=\"s3\"><span class=\"bumpedFont17\">&#8211; <\/span><\/span><span class=\"s3\"><span class=\"bumpedFont17\">Valor: <\/span><\/span><span class=\"s3\"><span class=\"bumpedFont17\">R$<\/span><\/span> <span class=\"s3\"><span class=\"bumpedFont17\">4.320,00 <\/span><\/span><span class=\"s3\"><span class=\"bumpedFont17\">&#8211; <\/span><\/span><span class=\"s3\"><span class=\"bumpedFont17\">Vig\u00eancia:<\/span><\/span> <span class=\"s3\"><span class=\"bumpedFont17\">1<\/span><\/span><span class=\"s3\"><span class=\"bumpedFont17\">2 meses<\/span><\/span> <span class=\"s3\"><span class=\"bumpedFont17\">&#8211; <\/span><\/span><span class=\"s3\"><span class=\"bumpedFont17\">Dot<\/span><\/span> <span class=\"s3\"><span class=\"bumpedFont17\">or\u00e7<\/span><\/span><span class=\"s3\"><span class=\"bumpedFont17\">:<\/span><\/span><span class=\"s3\"><span class=\"bumpedFont17\">02.009.001.18.541.0013.2141.000037.339039.00<\/span><\/span> <span class=\"s3\"><span class=\"bumpedFont17\">&#8211; <\/span><\/span><span class=\"s3\"><span class=\"bumpedFont17\">Ass<\/span><\/span><span class=\"s3\"><span class=\"bumpedFont17\">:<\/span><\/span> <span class=\"s3\"><span class=\"bumpedFont17\">20<\/span><\/span><span class=\"s3\"><span class=\"bumpedFont17\">\/02<\/span><\/span><span class=\"s3\"><span class=\"bumpedFont17\">\/202<\/span><\/span><span class=\"s3\"><span class=\"bumpedFont17\">5<\/span><\/span> <span class=\"s3\"><span class=\"bumpedFont17\">&#8211; Foro: S\u00e3o Jo\u00e3o Nepomuceno\/MG.<\/span><\/span><\/p>\n<p class=\"s5\">\n<p class=\"s5\">\n<p class=\"s5\">\n<p class=\"s2\">\n<p class=\"s2\">\n<p class=\"s2\"><span class=\"s3\"><span class=\"bumpedFont17\">Lu\u00eds Fernando de Oliveira<\/span><\/span><\/p>\n<p class=\"s2\"><span class=\"s3\"><span class=\"bumpedFont17\">Prefeito <\/span><\/span><span class=\"s3\"><span class=\"bumpedFont17\">Municipal <\/span><\/span><\/p>\n<p class=\"s2\">\n<p class=\"s2\">\n<p class=\"s6\">\n","protected":false},"excerpt":{"rendered":"<p>Pref. Municipal de Descoberto x Engequisa Engenharia Qu\u00edmica Sanit\u00e1ria e Ambiental Ltda \u2013 Objeto: Contrata\u00e7\u00e3o de empresa para atendimento \u00e0 SUPRAM-ZM com frequ\u00eancia semestralcorrespondentes a an\u00e1lises de \u00e1gua do Programa de Automonitoramento da Licen\u00e7a Ambiental Simplificada do empreendimento \u201cEsta\u00e7\u00e3o de Transbordo e Unidade de Triagem e Compostagem \u2013 UTC\u201d, para atender as necessidades do Departamento [&hellip;]<\/p>\n","protected":false},"author":246,"featured_media":0,"comment_status":"closed","ping_status":"closed","sticky":false,"template":"","format":"standard","meta":{"footnotes":""},"categories":[307],"tags":[],"class_list":["post-226943","post","type-post","status-publish","format-standard","hentry","category-editais"],"_links":{"self":[{"href":"https:\/\/diarioregionaldigital.com.br\/index.php?rest_route=\/wp\/v2\/posts\/226943","targetHints":{"allow":["GET"]}}],"collection":[{"href":"https:\/\/diarioregionaldigital.com.br\/index.php?rest_route=\/wp\/v2\/posts"}],"about":[{"href":"https:\/\/diarioregionaldigital.com.br\/index.php?rest_route=\/wp\/v2\/types\/post"}],"author":[{"embeddable":true,"href":"https:\/\/diarioregionaldigital.com.br\/index.php?rest_route=\/wp\/v2\/users\/246"}],"replies":[{"embeddable":true,"href":"https:\/\/diarioregionaldigital.com.br\/index.php?rest_route=%2Fwp%2Fv2%2Fcomments&post=226943"}],"version-history":[{"count":1,"href":"https:\/\/diarioregionaldigital.com.br\/index.php?rest_route=\/wp\/v2\/posts\/226943\/revisions"}],"predecessor-version":[{"id":226944,"href":"https:\/\/diarioregionaldigital.com.br\/index.php?rest_route=\/wp\/v2\/posts\/226943\/revisions\/226944"}],"wp:attachment":[{"href":"https:\/\/diarioregionaldigital.com.br\/index.php?rest_route=%2Fwp%2Fv2%2Fmedia&parent=226943"}],"wp:term":[{"taxonomy":"category","embeddable":true,"href":"https:\/\/diarioregionaldigital.com.br\/index.php?rest_route=%2Fwp%2Fv2%2Fcategories&post=226943"},{"taxonomy":"post_tag","embeddable":true,"href":"https:\/\/diarioregionaldigital.com.br\/index.php?rest_route=%2Fwp%2Fv2%2Ftags&post=226943"}],"curies":[{"name":"wp","href":"https:\/\/api.w.org\/{rel}","templated":true}]}}