{"id":226937,"date":"2025-02-20T07:33:08","date_gmt":"2025-02-20T10:33:08","guid":{"rendered":"https:\/\/diarioregionaldigital.com.br\/?p=226937"},"modified":"2025-02-20T07:33:08","modified_gmt":"2025-02-20T10:33:08","slug":"rio-open-marcelo-melo-e-rafael-matos-estreiam-com-vitorias-nas-duplas","status":"publish","type":"post","link":"https:\/\/diarioregionaldigital.com.br\/?p=226937","title":{"rendered":"Rio Open: Marcelo Melo e Rafael Matos estreiam com vit\u00f3rias nas duplas"},"content":{"rendered":"<p>Os brasileiros Marcelo Melo e Rafael Matos estrearam com vit\u00f3ria no torneio de duplas do Rio Open. Nesta quarta-feira (19) no Jockey Club Brasileiro, no Rio de Janeiro, eles superaram os norte-americanos Austin Krajicek e Rajeev Ram por 2 sets a 1, parciais de 5\/7, 7\/6 (7-5) e 10-4, em quase 2 horas de partida.<img decoding=\"async\" src=\"https:\/\/agenciabrasil.ebc.com.br\/ebc.png?id=1631136&amp;o=node\" \/><img decoding=\"async\" src=\"https:\/\/agenciabrasil.ebc.com.br\/ebc.gif?id=1631136&amp;o=node\" \/><\/p>\n<p>\u201cEncontrei minhas condi\u00e7\u00f5es favoritas aqui, jogar com essa torcida \u00e9 diferente. Sou um cara que precisa estar sempre mais para cima, ent\u00e3o a torcida me ajuda muito com essa energia e manter minha intensidade l\u00e1 em cima. \u00c9 muito especial jogar aqui\u201d, declarou Rafael Matos.<\/p>\n<p>O pr\u00f3ximo compromisso da dupla brasileira ser\u00e1 contra o portugu\u00eas Francisco Cabral e o holand\u00eas Jean-Julien Rojer, a partir das 18h30 (hor\u00e1rio de Bras\u00edlia) da pr\u00f3xima quinta-feira (20). Uma vit\u00f3ria garante uma vaga nas semifinais da competi\u00e7\u00e3o.<\/p>\n<p>Fonte: Ag\u00eancia Brasil<\/p>\n","protected":false},"excerpt":{"rendered":"<p>Os brasileiros Marcelo Melo e Rafael Matos estrearam com vit\u00f3ria no torneio de duplas do Rio Open. Nesta quarta-feira (19) no Jockey Club Brasileiro, no Rio de Janeiro, eles superaram os norte-americanos Austin Krajicek e Rajeev Ram por 2 sets a 1, parciais de 5\/7, 7\/6 (7-5) e 10-4, em quase 2 horas de partida. [&hellip;]<\/p>\n","protected":false},"author":246,"featured_media":226938,"comment_status":"closed","ping_status":"closed","sticky":false,"template":"","format":"standard","meta":{"footnotes":""},"categories":[436,440,257,439],"tags":[],"class_list":["post-226937","post","type-post","status-publish","format-standard","has-post-thumbnail","hentry","category-destaque-da-semana","category-destaques-do-dia","category-esporte","category-ultima-hora"],"_links":{"self":[{"href":"https:\/\/diarioregionaldigital.com.br\/index.php?rest_route=\/wp\/v2\/posts\/226937","targetHints":{"allow":["GET"]}}],"collection":[{"href":"https:\/\/diarioregionaldigital.com.br\/index.php?rest_route=\/wp\/v2\/posts"}],"about":[{"href":"https:\/\/diarioregionaldigital.com.br\/index.php?rest_route=\/wp\/v2\/types\/post"}],"author":[{"embeddable":true,"href":"https:\/\/diarioregionaldigital.com.br\/index.php?rest_route=\/wp\/v2\/users\/246"}],"replies":[{"embeddable":true,"href":"https:\/\/diarioregionaldigital.com.br\/index.php?rest_route=%2Fwp%2Fv2%2Fcomments&post=226937"}],"version-history":[{"count":1,"href":"https:\/\/diarioregionaldigital.com.br\/index.php?rest_route=\/wp\/v2\/posts\/226937\/revisions"}],"predecessor-version":[{"id":226939,"href":"https:\/\/diarioregionaldigital.com.br\/index.php?rest_route=\/wp\/v2\/posts\/226937\/revisions\/226939"}],"wp:featuredmedia":[{"embeddable":true,"href":"https:\/\/diarioregionaldigital.com.br\/index.php?rest_route=\/wp\/v2\/media\/226938"}],"wp:attachment":[{"href":"https:\/\/diarioregionaldigital.com.br\/index.php?rest_route=%2Fwp%2Fv2%2Fmedia&parent=226937"}],"wp:term":[{"taxonomy":"category","embeddable":true,"href":"https:\/\/diarioregionaldigital.com.br\/index.php?rest_route=%2Fwp%2Fv2%2Fcategories&post=226937"},{"taxonomy":"post_tag","embeddable":true,"href":"https:\/\/diarioregionaldigital.com.br\/index.php?rest_route=%2Fwp%2Fv2%2Ftags&post=226937"}],"curies":[{"name":"wp","href":"https:\/\/api.w.org\/{rel}","templated":true}]}}