{"id":226934,"date":"2025-02-20T07:31:36","date_gmt":"2025-02-20T10:31:36","guid":{"rendered":"https:\/\/diarioregionaldigital.com.br\/?p=226934"},"modified":"2025-02-20T07:31:36","modified_gmt":"2025-02-20T10:31:36","slug":"toffoli-anula-processos-contra-palocci-na-lava-jato","status":"publish","type":"post","link":"https:\/\/diarioregionaldigital.com.br\/?p=226934","title":{"rendered":"Toffoli anula processos contra Palocci na Lava Jato"},"content":{"rendered":"<p>O ministro Dias Toffoli, do Supremo Tribunal Federal (STF), decidiu nesta quarta-feira (19) anular os processos abertos contra o ex-ministro Antonio Palocci, na Opera\u00e7\u00e3o Lava Jato.<img decoding=\"async\" src=\"https:\/\/agenciabrasil.ebc.com.br\/ebc.png?id=1631079&amp;o=node\" \/><img decoding=\"async\" src=\"https:\/\/agenciabrasil.ebc.com.br\/ebc.gif?id=1631079&amp;o=node\" \/><\/p>\n<p>Na decis\u00e3o, o ministro aplicou os precedentes da Corte que consideraram o ex-juiz Sergio Moro parcial para proferir as senten\u00e7as contra os r\u00e9us das investiga\u00e7\u00f5es. Moro era o juiz titular da 13\u00aa Vara Federal em Curitiba.<\/p>\n<p>Com a decis\u00e3o, todos os procedimentos assinados por Moro contra Palocci dever\u00e3o ser anulados. Apesar da anula\u00e7\u00e3o, o acordo de dela\u00e7\u00e3o assinado por Palocci est\u00e1 mantido.<\/p>\n<p>Na decis\u00e3o, o ministro disse que a parcialidade de Moro &#8220;extrapolou todos os limites&#8221; e representou conluio para inviabilizar a ampla defesa do ex-ministro.<\/p>\n<p>&#8220;Nota-se, portanto, um padr\u00e3o de conduta de determinados procuradores integrantes da For\u00e7a Tarefa da Lava Jato, bem como de certos magistrados que ignoraram o devido processo legal, o contradit\u00f3rio, a ampla defesa e a pr\u00f3pria institucionalidade para garantir seus objetivos &#8211; pessoais e pol\u00edticos -, o que n\u00e3o se pode admitir em um Estado Democr\u00e1tico de Direito&#8221;, afirmou Toffoli.<\/p>\n<p>O ex-ministro foi condenado em 2017 pela participa\u00e7\u00e3o em esquema de corrup\u00e7\u00e3o no qual beneficiou a Odebrecht em contratos com a Petrobras envolvendo a constru\u00e7\u00e3o de embarca\u00e7\u00f5es.<\/p>\n<p>Fonte: Ag\u00eancia Brasil<\/p>\n","protected":false},"excerpt":{"rendered":"<p>O ministro Dias Toffoli, do Supremo Tribunal Federal (STF), decidiu nesta quarta-feira (19) anular os processos abertos contra o ex-ministro Antonio Palocci, na Opera\u00e7\u00e3o Lava Jato. Na decis\u00e3o, o ministro aplicou os precedentes da Corte que consideraram o ex-juiz Sergio Moro parcial para proferir as senten\u00e7as contra os r\u00e9us das investiga\u00e7\u00f5es. Moro era o juiz [&hellip;]<\/p>\n","protected":false},"author":246,"featured_media":226935,"comment_status":"closed","ping_status":"closed","sticky":false,"template":"","format":"standard","meta":{"footnotes":""},"categories":[436,440,261,254,439],"tags":[],"class_list":["post-226934","post","type-post","status-publish","format-standard","has-post-thumbnail","hentry","category-destaque-da-semana","category-destaques-do-dia","category-economia","category-politica","category-ultima-hora"],"_links":{"self":[{"href":"https:\/\/diarioregionaldigital.com.br\/index.php?rest_route=\/wp\/v2\/posts\/226934","targetHints":{"allow":["GET"]}}],"collection":[{"href":"https:\/\/diarioregionaldigital.com.br\/index.php?rest_route=\/wp\/v2\/posts"}],"about":[{"href":"https:\/\/diarioregionaldigital.com.br\/index.php?rest_route=\/wp\/v2\/types\/post"}],"author":[{"embeddable":true,"href":"https:\/\/diarioregionaldigital.com.br\/index.php?rest_route=\/wp\/v2\/users\/246"}],"replies":[{"embeddable":true,"href":"https:\/\/diarioregionaldigital.com.br\/index.php?rest_route=%2Fwp%2Fv2%2Fcomments&post=226934"}],"version-history":[{"count":1,"href":"https:\/\/diarioregionaldigital.com.br\/index.php?rest_route=\/wp\/v2\/posts\/226934\/revisions"}],"predecessor-version":[{"id":226936,"href":"https:\/\/diarioregionaldigital.com.br\/index.php?rest_route=\/wp\/v2\/posts\/226934\/revisions\/226936"}],"wp:featuredmedia":[{"embeddable":true,"href":"https:\/\/diarioregionaldigital.com.br\/index.php?rest_route=\/wp\/v2\/media\/226935"}],"wp:attachment":[{"href":"https:\/\/diarioregionaldigital.com.br\/index.php?rest_route=%2Fwp%2Fv2%2Fmedia&parent=226934"}],"wp:term":[{"taxonomy":"category","embeddable":true,"href":"https:\/\/diarioregionaldigital.com.br\/index.php?rest_route=%2Fwp%2Fv2%2Fcategories&post=226934"},{"taxonomy":"post_tag","embeddable":true,"href":"https:\/\/diarioregionaldigital.com.br\/index.php?rest_route=%2Fwp%2Fv2%2Ftags&post=226934"}],"curies":[{"name":"wp","href":"https:\/\/api.w.org\/{rel}","templated":true}]}}