{"id":226929,"date":"2025-02-20T07:23:28","date_gmt":"2025-02-20T10:23:28","guid":{"rendered":"https:\/\/diarioregionaldigital.com.br\/?p=226929"},"modified":"2025-02-20T07:23:28","modified_gmt":"2025-02-20T10:23:28","slug":"extrato-de-contrato-011-2025","status":"publish","type":"post","link":"https:\/\/diarioregionaldigital.com.br\/?p=226929","title":{"rendered":"EXTRATO DE CONTRATO 011\/2025"},"content":{"rendered":"<p>Pref. Municipal de Descoberto x Mercearia S\u00e3o Sebasti\u00e3o Ltda \u2013 Contrata\u00e7\u00e3o Emergencial de empresa para fornecimento de itens para atender o preparo da alimenta\u00e7\u00e3o escolar, tendo em vista que a licita\u00e7\u00e3o destinada a essa finalidade ainda encontra-se em fase de ajustes &#8211; Fundamento: Dispensa Emergencial n\u00ba 004\/2025 &#8211; Valor: R$30.236.,18 &#8211; Vig\u00eancia: 02 meses &#8211; Dot or\u00e7: 02.004.003.12.306.2062.0000053.339030.00 &#8211; \u00a0\u00a0Ass: 18\/02\/2025 &#8211; Foro: S\u00e3o Jo\u00e3o Nepomuceno\/MG.<\/p>\n<p>&nbsp;<\/p>\n<p>&nbsp;<\/p>\n<p>&nbsp;<\/p>\n<p>&nbsp;<\/p>\n<p>&nbsp;<\/p>\n<p>Lu\u00eds Fernando de Oliveira<\/p>\n<p>Prefeito Municipal<\/p>\n","protected":false},"excerpt":{"rendered":"<p>Pref. Municipal de Descoberto x Mercearia S\u00e3o Sebasti\u00e3o Ltda \u2013 Contrata\u00e7\u00e3o Emergencial de empresa para fornecimento de itens para atender o preparo da alimenta\u00e7\u00e3o escolar, tendo em vista que a licita\u00e7\u00e3o destinada a essa finalidade ainda encontra-se em fase de ajustes &#8211; Fundamento: Dispensa Emergencial n\u00ba 004\/2025 &#8211; Valor: R$30.236.,18 &#8211; Vig\u00eancia: 02 meses &#8211; [&hellip;]<\/p>\n","protected":false},"author":246,"featured_media":0,"comment_status":"closed","ping_status":"closed","sticky":false,"template":"","format":"standard","meta":{"footnotes":""},"categories":[307],"tags":[],"class_list":["post-226929","post","type-post","status-publish","format-standard","hentry","category-editais"],"_links":{"self":[{"href":"https:\/\/diarioregionaldigital.com.br\/index.php?rest_route=\/wp\/v2\/posts\/226929","targetHints":{"allow":["GET"]}}],"collection":[{"href":"https:\/\/diarioregionaldigital.com.br\/index.php?rest_route=\/wp\/v2\/posts"}],"about":[{"href":"https:\/\/diarioregionaldigital.com.br\/index.php?rest_route=\/wp\/v2\/types\/post"}],"author":[{"embeddable":true,"href":"https:\/\/diarioregionaldigital.com.br\/index.php?rest_route=\/wp\/v2\/users\/246"}],"replies":[{"embeddable":true,"href":"https:\/\/diarioregionaldigital.com.br\/index.php?rest_route=%2Fwp%2Fv2%2Fcomments&post=226929"}],"version-history":[{"count":1,"href":"https:\/\/diarioregionaldigital.com.br\/index.php?rest_route=\/wp\/v2\/posts\/226929\/revisions"}],"predecessor-version":[{"id":226930,"href":"https:\/\/diarioregionaldigital.com.br\/index.php?rest_route=\/wp\/v2\/posts\/226929\/revisions\/226930"}],"wp:attachment":[{"href":"https:\/\/diarioregionaldigital.com.br\/index.php?rest_route=%2Fwp%2Fv2%2Fmedia&parent=226929"}],"wp:term":[{"taxonomy":"category","embeddable":true,"href":"https:\/\/diarioregionaldigital.com.br\/index.php?rest_route=%2Fwp%2Fv2%2Fcategories&post=226929"},{"taxonomy":"post_tag","embeddable":true,"href":"https:\/\/diarioregionaldigital.com.br\/index.php?rest_route=%2Fwp%2Fv2%2Ftags&post=226929"}],"curies":[{"name":"wp","href":"https:\/\/api.w.org\/{rel}","templated":true}]}}