{"id":226927,"date":"2025-02-20T07:22:55","date_gmt":"2025-02-20T10:22:55","guid":{"rendered":"https:\/\/diarioregionaldigital.com.br\/?p=226927"},"modified":"2025-02-20T07:22:55","modified_gmt":"2025-02-20T10:22:55","slug":"extrato-de-contrato-012-2025","status":"publish","type":"post","link":"https:\/\/diarioregionaldigital.com.br\/?p=226927","title":{"rendered":"EXTRATO DE CONTRATO 012\/2025"},"content":{"rendered":"<p>Pref. Municipal de Descoberto x CSC \u2013 Construtora Siqueira Cardoso Ltda &#8211; EPP \u2013 Objeto: Registro de pre\u00e7os para contrata\u00e7\u00e3o de sociedade empres\u00e1ria especializada na execu\u00e7\u00e3o de servi\u00e7os de engenharia el\u00e9trica, visando a manuten\u00e7\u00e3o corretiva e preventiva de todo o sistema de ilumina\u00e7\u00e3o p\u00fablica de cada um dos munic\u00edpios consorciados ao CIESP &#8211; Fundamento: Registro de Pre\u00e7os n\u00ba 022\/2025 \u00a0&#8211; Valor: R$ 22.473,00- Vig\u00eancia: 12 meses &#8211; Dot or\u00e7: 02.008.000.08.122.0011.2129.000006.319016.00 &#8211; \u00a0\u00a0Ass: 18\/02\/2025 &#8211; Foro: S\u00e3o Jo\u00e3o Nepomuceno\/MG.<\/p>\n<p>&nbsp;<\/p>\n<p>&nbsp;<\/p>\n<p>&nbsp;<\/p>\n<p>&nbsp;<\/p>\n<p>&nbsp;<\/p>\n<p>Lu\u00eds Fernando de Oliveira<\/p>\n<p>Prefeito Municipal<\/p>\n","protected":false},"excerpt":{"rendered":"<p>Pref. Municipal de Descoberto x CSC \u2013 Construtora Siqueira Cardoso Ltda &#8211; EPP \u2013 Objeto: Registro de pre\u00e7os para contrata\u00e7\u00e3o de sociedade empres\u00e1ria especializada na execu\u00e7\u00e3o de servi\u00e7os de engenharia el\u00e9trica, visando a manuten\u00e7\u00e3o corretiva e preventiva de todo o sistema de ilumina\u00e7\u00e3o p\u00fablica de cada um dos munic\u00edpios consorciados ao CIESP &#8211; Fundamento: Registro [&hellip;]<\/p>\n","protected":false},"author":246,"featured_media":0,"comment_status":"closed","ping_status":"closed","sticky":false,"template":"","format":"standard","meta":{"footnotes":""},"categories":[307],"tags":[],"class_list":["post-226927","post","type-post","status-publish","format-standard","hentry","category-editais"],"_links":{"self":[{"href":"https:\/\/diarioregionaldigital.com.br\/index.php?rest_route=\/wp\/v2\/posts\/226927","targetHints":{"allow":["GET"]}}],"collection":[{"href":"https:\/\/diarioregionaldigital.com.br\/index.php?rest_route=\/wp\/v2\/posts"}],"about":[{"href":"https:\/\/diarioregionaldigital.com.br\/index.php?rest_route=\/wp\/v2\/types\/post"}],"author":[{"embeddable":true,"href":"https:\/\/diarioregionaldigital.com.br\/index.php?rest_route=\/wp\/v2\/users\/246"}],"replies":[{"embeddable":true,"href":"https:\/\/diarioregionaldigital.com.br\/index.php?rest_route=%2Fwp%2Fv2%2Fcomments&post=226927"}],"version-history":[{"count":1,"href":"https:\/\/diarioregionaldigital.com.br\/index.php?rest_route=\/wp\/v2\/posts\/226927\/revisions"}],"predecessor-version":[{"id":226928,"href":"https:\/\/diarioregionaldigital.com.br\/index.php?rest_route=\/wp\/v2\/posts\/226927\/revisions\/226928"}],"wp:attachment":[{"href":"https:\/\/diarioregionaldigital.com.br\/index.php?rest_route=%2Fwp%2Fv2%2Fmedia&parent=226927"}],"wp:term":[{"taxonomy":"category","embeddable":true,"href":"https:\/\/diarioregionaldigital.com.br\/index.php?rest_route=%2Fwp%2Fv2%2Fcategories&post=226927"},{"taxonomy":"post_tag","embeddable":true,"href":"https:\/\/diarioregionaldigital.com.br\/index.php?rest_route=%2Fwp%2Fv2%2Ftags&post=226927"}],"curies":[{"name":"wp","href":"https:\/\/api.w.org\/{rel}","templated":true}]}}