{"id":226924,"date":"2025-02-19T20:06:13","date_gmt":"2025-02-19T23:06:13","guid":{"rendered":"https:\/\/diarioregionaldigital.com.br\/?p=226924"},"modified":"2025-02-19T20:06:13","modified_gmt":"2025-02-19T23:06:13","slug":"juiz-de-fora-ja-aplicou-quase-10-mil-vacinas-contra-a-dengue","status":"publish","type":"post","link":"https:\/\/diarioregionaldigital.com.br\/?p=226924","title":{"rendered":"Juiz de Fora j\u00e1 aplicou quase 10 mil vacinas contra a dengue"},"content":{"rendered":"<p>Segundo informa\u00e7\u00f5es do site da Prefeitura de Juiz de Fora (PJF), sucesso na vacina\u00e7\u00e3o de crian\u00e7as e adolescentes, de 10 a 14 anos, a Secretaria de Sa\u00fade j\u00e1 aplicou 7.201 imunizantes em primeiras doses e 2.606 em segundas doses.\u00a0 A vacina\u00e7\u00e3o contra a dengue \u00e9 realizada normalmente durante a semana para crian\u00e7as e adolescentes com idade entre 10 e 14 anos, p\u00fablico-alvo da campanha, nas Unidades B\u00e1sicas de Sa\u00fade (UBS) do munic\u00edpio, a partir das 9h de segunda \u00e0 sexta, e das 8h \u00e0s 11h aos s\u00e1bados. O Departamento de Sa\u00fade da Mulher, Gestante, Crian\u00e7a e do Adolescente aplica o imunizante das 8h \u00e0s 13h, de segunda \u00e0 sexta. Em fun\u00e7\u00e3o do Dia D, o departamento fez esse servi\u00e7o tamb\u00e9m nos \u00faltimos quatro s\u00e1bados.<\/p>\n<p><strong>Sobre a vacina<\/strong><\/p>\n<p>A vacina contra a Dengue \u00e9 a Qdenga, um imunizante tetravalente produzido a partir do v\u00edrus vivo atenuado, ou seja, do micro-organismo infectado, mas enfraquecido. Essa condi\u00e7\u00e3o pode melhorar a resposta do sistema imunol\u00f3gico, funcionando de forma semelhante \u00e0 defesa do corpo humano nos casos de infec\u00e7\u00e3o pela dengue. O esquema vacinal da Qdenga \u00e9 composto por duas doses, com intervalo de 90 dias, ou 3 meses, entre cada uma.<\/p>\n<p>Quem j\u00e1 teve dengue tamb\u00e9m deve se vacinar para evitar novas infec\u00e7\u00f5es ou, em caso de cont\u00e1gio, sintomas mais leves. Al\u00e9m disso, nessas pessoas \u00e9 esperada uma resposta melhor ao imunizante. A recomenda\u00e7\u00e3o para quem teve dengue recentemente \u00e9 aguardar seis meses para tomar a vacina. Quem for diagnosticado com a doen\u00e7a no intervalo entre as doses deve manter o esquema vacinal, desde que o prazo n\u00e3o seja inferior a 30 dias em rela\u00e7\u00e3o ao in\u00edcio dos sintomas.<\/p>\n<p>&nbsp;<\/p>\n","protected":false},"excerpt":{"rendered":"<p>Segundo informa\u00e7\u00f5es do site da Prefeitura de Juiz de Fora (PJF), sucesso na vacina\u00e7\u00e3o de crian\u00e7as e adolescentes, de 10 a 14 anos, a Secretaria de Sa\u00fade j\u00e1 aplicou 7.201 imunizantes em primeiras doses e 2.606 em segundas doses.\u00a0 A vacina\u00e7\u00e3o contra a dengue \u00e9 realizada normalmente durante a semana para crian\u00e7as e adolescentes com [&hellip;]<\/p>\n","protected":false},"author":246,"featured_media":226925,"comment_status":"closed","ping_status":"closed","sticky":false,"template":"","format":"standard","meta":{"footnotes":""},"categories":[253,436,440,439],"tags":[],"class_list":["post-226924","post","type-post","status-publish","format-standard","has-post-thumbnail","hentry","category-cidade","category-destaque-da-semana","category-destaques-do-dia","category-ultima-hora"],"_links":{"self":[{"href":"https:\/\/diarioregionaldigital.com.br\/index.php?rest_route=\/wp\/v2\/posts\/226924","targetHints":{"allow":["GET"]}}],"collection":[{"href":"https:\/\/diarioregionaldigital.com.br\/index.php?rest_route=\/wp\/v2\/posts"}],"about":[{"href":"https:\/\/diarioregionaldigital.com.br\/index.php?rest_route=\/wp\/v2\/types\/post"}],"author":[{"embeddable":true,"href":"https:\/\/diarioregionaldigital.com.br\/index.php?rest_route=\/wp\/v2\/users\/246"}],"replies":[{"embeddable":true,"href":"https:\/\/diarioregionaldigital.com.br\/index.php?rest_route=%2Fwp%2Fv2%2Fcomments&post=226924"}],"version-history":[{"count":1,"href":"https:\/\/diarioregionaldigital.com.br\/index.php?rest_route=\/wp\/v2\/posts\/226924\/revisions"}],"predecessor-version":[{"id":226926,"href":"https:\/\/diarioregionaldigital.com.br\/index.php?rest_route=\/wp\/v2\/posts\/226924\/revisions\/226926"}],"wp:featuredmedia":[{"embeddable":true,"href":"https:\/\/diarioregionaldigital.com.br\/index.php?rest_route=\/wp\/v2\/media\/226925"}],"wp:attachment":[{"href":"https:\/\/diarioregionaldigital.com.br\/index.php?rest_route=%2Fwp%2Fv2%2Fmedia&parent=226924"}],"wp:term":[{"taxonomy":"category","embeddable":true,"href":"https:\/\/diarioregionaldigital.com.br\/index.php?rest_route=%2Fwp%2Fv2%2Fcategories&post=226924"},{"taxonomy":"post_tag","embeddable":true,"href":"https:\/\/diarioregionaldigital.com.br\/index.php?rest_route=%2Fwp%2Fv2%2Ftags&post=226924"}],"curies":[{"name":"wp","href":"https:\/\/api.w.org\/{rel}","templated":true}]}}