{"id":226921,"date":"2025-02-19T20:04:10","date_gmt":"2025-02-19T23:04:10","guid":{"rendered":"https:\/\/diarioregionaldigital.com.br\/?p=226921"},"modified":"2025-02-19T20:04:33","modified_gmt":"2025-02-19T23:04:33","slug":"pjf-conclui-trabalhos-de-novo-asfalto-em-sete-vias-do-bairro-cascatinha","status":"publish","type":"post","link":"https:\/\/diarioregionaldigital.com.br\/?p=226921","title":{"rendered":"PJF conclui trabalhos de novo asfalto em sete vias do bairro Cascatinha"},"content":{"rendered":"<p>Segundo informa\u00e7\u00f5es do site da Prefeitura de Juiz de Fora (PJF), a PJF, por meio da Empresa Municipal de Pavimenta\u00e7\u00e3o de Urbanidades (Empav), concluiu, nesta semana, o recapeamento de sete vias do bairro Cascatinha. A a\u00e7\u00e3o garante mais conforto e seguran\u00e7a para pedestres e motoristas. Foram utilizadas 1.228,35 toneladas de massa asf\u00e1ltica em mais de 1,5km de extens\u00e3o de vias, renovando totalmente o pavimento da regi\u00e3o. As ruas atendidas foram:<\/p>\n<p>Rua Ministro Amar\u00edlio Lopes Salgado<\/p>\n<p>Rua Waldir Martins<\/p>\n<p>Rua Itamar Soares de Oliveira<\/p>\n<p>Rua Luiz Norberto Rocha<\/p>\n<p>Rua Joaquim Carneiro Filho<\/p>\n<p>Rua Ant\u00f4nio Carlos Saraiva<\/p>\n<p>Rua Francisco Vaz de Magalh\u00e3es<\/p>\n<p>Ap\u00f3s a conclus\u00e3o do recapeamento, est\u00e3o sendo realizados os alteamentos de tamp\u00f5es, que s\u00e3o ajustes necess\u00e1rios para nivelar as tampas de bueiros e po\u00e7os de visita com o novo asfalto, evitando desn\u00edveis na pista. Na sequ\u00eancia, a Secretaria de Mobilidade Urbana (SMU) far\u00e1 a sinaliza\u00e7\u00e3o horizontal, organizando o tr\u00e2nsito e aumentando a seguran\u00e7a nas vias.<\/p>\n<p>Com essa melhoria, o bairro Cascatinha agora conta com um pavimento mais resistente e adequado para o dia a dia da popula\u00e7\u00e3o. Assim, a PJF refor\u00e7a o seu compromisso com a infraestrutura vi\u00e1ria da cidade, garantindo ruas mais seguras e bem conservadas para todos e todas.<\/p>\n<p>A interven\u00e7\u00e3o conta com recursos do Financiamento \u00e0 Infraestrutura e ao Saneamento (Finisa), da Caixa Econ\u00f4mica Federal.<\/p>\n<p>Vale lembrar que todos os trabalhos de zeladoria do munic\u00edpio fazem parte do Programa Boniteza. A programa\u00e7\u00e3o completa das atividades realizadas pela PJF pode ser consultada atrav\u00e9s da p\u00e1gina do Gabinete de A\u00e7\u00e3o e Di\u00e1logo Comunit\u00e1rio, pelo<a href=\"https:\/\/www.pjf.mg.gov.br\/gabinetecomunitario\/#onde\" target=\"_blank\" rel=\"noopener\">\u00a0link<\/a>.<\/p>\n","protected":false},"excerpt":{"rendered":"<p>Segundo informa\u00e7\u00f5es do site da Prefeitura de Juiz de Fora (PJF), a PJF, por meio da Empresa Municipal de Pavimenta\u00e7\u00e3o de Urbanidades (Empav), concluiu, nesta semana, o recapeamento de sete vias do bairro Cascatinha. A a\u00e7\u00e3o garante mais conforto e seguran\u00e7a para pedestres e motoristas. Foram utilizadas 1.228,35 toneladas de massa asf\u00e1ltica em mais de [&hellip;]<\/p>\n","protected":false},"author":246,"featured_media":226922,"comment_status":"closed","ping_status":"closed","sticky":false,"template":"","format":"standard","meta":{"footnotes":""},"categories":[253,436,439],"tags":[],"class_list":["post-226921","post","type-post","status-publish","format-standard","has-post-thumbnail","hentry","category-cidade","category-destaque-da-semana","category-ultima-hora"],"_links":{"self":[{"href":"https:\/\/diarioregionaldigital.com.br\/index.php?rest_route=\/wp\/v2\/posts\/226921","targetHints":{"allow":["GET"]}}],"collection":[{"href":"https:\/\/diarioregionaldigital.com.br\/index.php?rest_route=\/wp\/v2\/posts"}],"about":[{"href":"https:\/\/diarioregionaldigital.com.br\/index.php?rest_route=\/wp\/v2\/types\/post"}],"author":[{"embeddable":true,"href":"https:\/\/diarioregionaldigital.com.br\/index.php?rest_route=\/wp\/v2\/users\/246"}],"replies":[{"embeddable":true,"href":"https:\/\/diarioregionaldigital.com.br\/index.php?rest_route=%2Fwp%2Fv2%2Fcomments&post=226921"}],"version-history":[{"count":1,"href":"https:\/\/diarioregionaldigital.com.br\/index.php?rest_route=\/wp\/v2\/posts\/226921\/revisions"}],"predecessor-version":[{"id":226923,"href":"https:\/\/diarioregionaldigital.com.br\/index.php?rest_route=\/wp\/v2\/posts\/226921\/revisions\/226923"}],"wp:featuredmedia":[{"embeddable":true,"href":"https:\/\/diarioregionaldigital.com.br\/index.php?rest_route=\/wp\/v2\/media\/226922"}],"wp:attachment":[{"href":"https:\/\/diarioregionaldigital.com.br\/index.php?rest_route=%2Fwp%2Fv2%2Fmedia&parent=226921"}],"wp:term":[{"taxonomy":"category","embeddable":true,"href":"https:\/\/diarioregionaldigital.com.br\/index.php?rest_route=%2Fwp%2Fv2%2Fcategories&post=226921"},{"taxonomy":"post_tag","embeddable":true,"href":"https:\/\/diarioregionaldigital.com.br\/index.php?rest_route=%2Fwp%2Fv2%2Ftags&post=226921"}],"curies":[{"name":"wp","href":"https:\/\/api.w.org\/{rel}","templated":true}]}}