{"id":226918,"date":"2025-02-19T20:02:35","date_gmt":"2025-02-19T23:02:35","guid":{"rendered":"https:\/\/diarioregionaldigital.com.br\/?p=226918"},"modified":"2025-02-19T20:06:30","modified_gmt":"2025-02-19T23:06:30","slug":"prefeitura-e-sinpro-anunciam-acordo-sobre-campanha-salarial-2025","status":"publish","type":"post","link":"https:\/\/diarioregionaldigital.com.br\/?p=226918","title":{"rendered":"Prefeitura e Sinpro anunciam acordo sobre campanha salarial 2025"},"content":{"rendered":"<p>Segundo informa\u00e7\u00f5es do site da Prefeitura de Juiz de Fora (PJF), a PJF\u00a0informa a conclus\u00e3o do processo de negocia\u00e7\u00e3o salarial com o Sindicato dos Professores de Juiz de Fora (Sinpro-JF). A prefeita Margarida Salom\u00e3o recebeu, nesta quarta, 19 de fevereiro, uma comitiva do Sinpro, que veio comunicar a aprova\u00e7\u00e3o do acordo pela categoria, em assembleia. As tratativas tiveram in\u00edcio ainda em janeiro.<\/p>\n<p>De modo destacado, o acordo firmado se sustenta, primeiro, no reajuste salarial para este ano, igual ao Piso Nacional do Magist\u00e9rio, e aplicado para toda a carreira. Al\u00e9m disso, tamb\u00e9m foi aprovada a redu\u00e7\u00e3o da jornada dos secret\u00e1rios escolares para seis horas di\u00e1rias, al\u00e9m da realiza\u00e7\u00e3o de concurso interno para essa mesma categoria.<\/p>\n<p>O Projeto de Lei a ser encaminhado \u00e0 C\u00e2mara Municipal nesta quinta-feira, 20, reflete o reconhecimento que a gest\u00e3o tem em rela\u00e7\u00e3o ao trabalho desempenhado pela categoria, de grande import\u00e2ncia para a vida de milhares de estudantes da nossa cidade.<\/p>\n<p>&#8220;Esse esfor\u00e7o nosso, mais uma vez, expressa o nosso compromisso com a educa\u00e7\u00e3o de qualidade, para cuja oferta, certamente, \u00e9 um elemento essencial, a remunera\u00e7\u00e3o adequada dos professores. E que n\u00f3s, segundo os dados nacionais, temos a satisfa\u00e7\u00e3o de dizer que os profissionais da rede municipal de Juiz de Fora s\u00e3o os melhores remunerados em todo o Brasil&#8221;, destaca a prefeita Margarida Salom\u00e3o.<\/p>\n<p>&nbsp;<\/p>\n","protected":false},"excerpt":{"rendered":"<p>Segundo informa\u00e7\u00f5es do site da Prefeitura de Juiz de Fora (PJF), a PJF\u00a0informa a conclus\u00e3o do processo de negocia\u00e7\u00e3o salarial com o Sindicato dos Professores de Juiz de Fora (Sinpro-JF). A prefeita Margarida Salom\u00e3o recebeu, nesta quarta, 19 de fevereiro, uma comitiva do Sinpro, que veio comunicar a aprova\u00e7\u00e3o do acordo pela categoria, em assembleia. [&hellip;]<\/p>\n","protected":false},"author":246,"featured_media":226919,"comment_status":"closed","ping_status":"closed","sticky":false,"template":"","format":"standard","meta":{"footnotes":""},"categories":[253,436,439],"tags":[],"class_list":["post-226918","post","type-post","status-publish","format-standard","has-post-thumbnail","hentry","category-cidade","category-destaque-da-semana","category-ultima-hora"],"_links":{"self":[{"href":"https:\/\/diarioregionaldigital.com.br\/index.php?rest_route=\/wp\/v2\/posts\/226918","targetHints":{"allow":["GET"]}}],"collection":[{"href":"https:\/\/diarioregionaldigital.com.br\/index.php?rest_route=\/wp\/v2\/posts"}],"about":[{"href":"https:\/\/diarioregionaldigital.com.br\/index.php?rest_route=\/wp\/v2\/types\/post"}],"author":[{"embeddable":true,"href":"https:\/\/diarioregionaldigital.com.br\/index.php?rest_route=\/wp\/v2\/users\/246"}],"replies":[{"embeddable":true,"href":"https:\/\/diarioregionaldigital.com.br\/index.php?rest_route=%2Fwp%2Fv2%2Fcomments&post=226918"}],"version-history":[{"count":1,"href":"https:\/\/diarioregionaldigital.com.br\/index.php?rest_route=\/wp\/v2\/posts\/226918\/revisions"}],"predecessor-version":[{"id":226920,"href":"https:\/\/diarioregionaldigital.com.br\/index.php?rest_route=\/wp\/v2\/posts\/226918\/revisions\/226920"}],"wp:featuredmedia":[{"embeddable":true,"href":"https:\/\/diarioregionaldigital.com.br\/index.php?rest_route=\/wp\/v2\/media\/226919"}],"wp:attachment":[{"href":"https:\/\/diarioregionaldigital.com.br\/index.php?rest_route=%2Fwp%2Fv2%2Fmedia&parent=226918"}],"wp:term":[{"taxonomy":"category","embeddable":true,"href":"https:\/\/diarioregionaldigital.com.br\/index.php?rest_route=%2Fwp%2Fv2%2Fcategories&post=226918"},{"taxonomy":"post_tag","embeddable":true,"href":"https:\/\/diarioregionaldigital.com.br\/index.php?rest_route=%2Fwp%2Fv2%2Ftags&post=226918"}],"curies":[{"name":"wp","href":"https:\/\/api.w.org\/{rel}","templated":true}]}}