{"id":226912,"date":"2025-02-19T19:57:49","date_gmt":"2025-02-19T22:57:49","guid":{"rendered":"https:\/\/diarioregionaldigital.com.br\/?p=226912"},"modified":"2025-02-19T19:57:49","modified_gmt":"2025-02-19T22:57:49","slug":"secretaria-de-governo-da-inicio-as-atividades-do-conselho-estadual-de-fomento-e-colaboracao","status":"publish","type":"post","link":"https:\/\/diarioregionaldigital.com.br\/?p=226912","title":{"rendered":"Secretaria de Governo d\u00e1 in\u00edcio \u00e0s atividades do Conselho Estadual de Fomento e Colabora\u00e7\u00e3o"},"content":{"rendered":"<p>O\u00a0<a href=\"https:\/\/www.mg.gov.br\/\" target=\"_blank\" rel=\"noopener\">Governo de Minas<\/a>, por meio da\u00a0<a href=\"https:\/\/www.governo.mg.gov.br\/\" target=\"_blank\" rel=\"noopener\">Secretaria de Estado de Governo (Segov)<\/a>, realizou, nesta quarta-feira (19\/2), no Pal\u00e1cio Tiradentes, na Cidade Administrativa, a posse dos membros e a 1\u00aa reuni\u00e3o do Conselho Estadual de Fomento e Colabora\u00e7\u00e3o (Confoco-MG). O objetivo do Executivo com o \u00f3rg\u00e3o colegiado \u00e9 aproximar o poder p\u00fablico da sociedade civil, em busca da constru\u00e7\u00e3o conjunta de pol\u00edticas p\u00fablicas que atendam ainda mais aos anseios da popula\u00e7\u00e3o.<\/p>\n<p>No primeiro encontro, que contou com a presen\u00e7a de representante do Confoco Nacional, foi apresentado o planejamento das atividades do Conselho Estadual para este ano e deliberado o calend\u00e1rio de a\u00e7\u00f5es, bem como discutidas as demandas trazidas pelos representantes das Organiza\u00e7\u00f5es da Sociedade Civil (OSCs) integrantes do \u00f3rg\u00e3o.<\/p>\n<p>\u201cO nosso objetivo com essa primeira reuni\u00e3o foi iniciar as discuss\u00f5es relacionadas ao Conselho. Nossa expectativa \u00e9, a partir da constru\u00e7\u00e3o de um di\u00e1logo horizontal, promover um aprimoramento, a consolida\u00e7\u00e3o e o aperfei\u00e7oamento da Lei Federal n\u00ba 13.019, no \u00e2mbito das parcerias celebradas na administra\u00e7\u00e3o p\u00fablica de Minas Gerais\u201d, explica a presidente do Confoco-MG, Vict\u00f3ria Oliveira, representante da Segov.<\/p>\n<p>Na pr\u00e1tica, segundo a presidente, isso significa para a popula\u00e7\u00e3o uma melhoria n\u00e3o s\u00f3 na gest\u00e3o dessas parcerias, desses instrumentos que o Estado tem espalhados no territ\u00f3rio de Minas Gerais, \u201ccomo tamb\u00e9m o aperfei\u00e7oamento do atendimento das mais diversas demandas da popula\u00e7\u00e3o mineira\u201d.<\/p>\n<p><b>Diversidade para efetivar direitos<\/b><\/p>\n<p>Os membros do Confoco-MG para o bi\u00eanio 2025-2027 foram definidos no ano passado. Al\u00e9m dos representantes da Segov, h\u00e1 tamb\u00e9m os designados pela\u00a0<a href=\"https:\/\/www.cge.mg.gov.br\/\" target=\"_blank\" rel=\"noopener\">Controladoria Geral do Estado (CGE)<\/a>;\u00a0<a href=\"https:\/\/www.mg.gov.br\/agricultura\" target=\"_blank\" rel=\"noopener\">Secretaria de Estado de Agricultura, Pecu\u00e1ria e Abastecimento (Seapa)<\/a>;\u00a0<a href=\"https:\/\/social.mg.gov.br\/\" target=\"_blank\" rel=\"noopener\">Secretaria de Estado de Desenvolvimento Social (Sedese)<\/a>;\u00a0<a href=\"https:\/\/www.seguranca.mg.gov.br\/\" target=\"_blank\" rel=\"noopener\">Secretaria de Estado de Justi\u00e7a e Seguran\u00e7a P\u00fablica (Sejusp)<\/a>;\u00a0<a href=\"https:\/\/www.secult.mg.gov.br\/\" target=\"_blank\" rel=\"noopener\">Secretaria de Estado de Cultura e Turismo (Secult)<\/a>; e\u00a0<a href=\"https:\/\/meioambiente.mg.gov.br\/\" target=\"_blank\" rel=\"noopener\">Secretaria de Estado de Meio Ambiente e Desenvolvimento Sustent\u00e1vel (Semad)<\/a>.<\/p>\n<p>J\u00e1 as entidades da sociedade civil selecionadas para compor o Conselho s\u00e3o a \u00a0 Associa\u00e7\u00e3o Cultural Casa do Beco, Plataforma MROSC-MG, Centro Mineiro de Alian\u00e7as Intersetoriais, Associa\u00e7\u00e3o de Resgate da Dignidade Humana Provid\u00eancia Divina,\u00a0 Federa\u00e7\u00e3o das Associa\u00e7\u00f5es de Pais e Amigos dos Excepcionais do Estado de Minas Gerais, Associa\u00e7\u00e3o Profissionalizante do Menor de Belo Horizonte e Uni\u00e3o das Cooperativas da Agricultura Familiar e Economia Solid\u00e1ria do Estado de Minas Gerais.<\/p>\n<p>A diversidade de \u00f3rg\u00e3os no Confoco-MG \u00e9 fundamental para a otimiza\u00e7\u00e3o das rela\u00e7\u00f5es de parceria entre o estado e a sociedade civil, que tem papel importante para a garantia e efetiva\u00e7\u00e3o de direitos sociais.<\/p>\n<p>\u201cA motiva\u00e7\u00e3o do Confoco \u00e9 que possamos iniciar o fortalecimento das parcerias entre as Organiza\u00e7\u00f5es da Sociedade Civil e suas redes de articula\u00e7\u00e3o e o Governo de Minas. E, \u00a0para dar andamento a essa atividade, hoje tivemos o planejamento das a\u00e7\u00f5es, apresenta\u00e7\u00e3o da metodologia e propostas de organiza\u00e7\u00e3o, al\u00e9m da troca de experi\u00eancias com outros conselhos institu\u00eddos\u201d, detalha a secret\u00e1ria Executiva do Conselho, Lu\u00edsa Andrade.<\/p>\n<p>Fonte: Ag\u00eancia Minas<\/p>\n","protected":false},"excerpt":{"rendered":"<p>O\u00a0Governo de Minas, por meio da\u00a0Secretaria de Estado de Governo (Segov), realizou, nesta quarta-feira (19\/2), no Pal\u00e1cio Tiradentes, na Cidade Administrativa, a posse dos membros e a 1\u00aa reuni\u00e3o do Conselho Estadual de Fomento e Colabora\u00e7\u00e3o (Confoco-MG). O objetivo do Executivo com o \u00f3rg\u00e3o colegiado \u00e9 aproximar o poder p\u00fablico da sociedade civil, em busca [&hellip;]<\/p>\n","protected":false},"author":246,"featured_media":226913,"comment_status":"closed","ping_status":"closed","sticky":false,"template":"","format":"standard","meta":{"footnotes":""},"categories":[436,261,254,439],"tags":[],"class_list":["post-226912","post","type-post","status-publish","format-standard","has-post-thumbnail","hentry","category-destaque-da-semana","category-economia","category-politica","category-ultima-hora"],"_links":{"self":[{"href":"https:\/\/diarioregionaldigital.com.br\/index.php?rest_route=\/wp\/v2\/posts\/226912","targetHints":{"allow":["GET"]}}],"collection":[{"href":"https:\/\/diarioregionaldigital.com.br\/index.php?rest_route=\/wp\/v2\/posts"}],"about":[{"href":"https:\/\/diarioregionaldigital.com.br\/index.php?rest_route=\/wp\/v2\/types\/post"}],"author":[{"embeddable":true,"href":"https:\/\/diarioregionaldigital.com.br\/index.php?rest_route=\/wp\/v2\/users\/246"}],"replies":[{"embeddable":true,"href":"https:\/\/diarioregionaldigital.com.br\/index.php?rest_route=%2Fwp%2Fv2%2Fcomments&post=226912"}],"version-history":[{"count":1,"href":"https:\/\/diarioregionaldigital.com.br\/index.php?rest_route=\/wp\/v2\/posts\/226912\/revisions"}],"predecessor-version":[{"id":226914,"href":"https:\/\/diarioregionaldigital.com.br\/index.php?rest_route=\/wp\/v2\/posts\/226912\/revisions\/226914"}],"wp:featuredmedia":[{"embeddable":true,"href":"https:\/\/diarioregionaldigital.com.br\/index.php?rest_route=\/wp\/v2\/media\/226913"}],"wp:attachment":[{"href":"https:\/\/diarioregionaldigital.com.br\/index.php?rest_route=%2Fwp%2Fv2%2Fmedia&parent=226912"}],"wp:term":[{"taxonomy":"category","embeddable":true,"href":"https:\/\/diarioregionaldigital.com.br\/index.php?rest_route=%2Fwp%2Fv2%2Fcategories&post=226912"},{"taxonomy":"post_tag","embeddable":true,"href":"https:\/\/diarioregionaldigital.com.br\/index.php?rest_route=%2Fwp%2Fv2%2Ftags&post=226912"}],"curies":[{"name":"wp","href":"https:\/\/api.w.org\/{rel}","templated":true}]}}