{"id":226900,"date":"2025-02-18T20:20:04","date_gmt":"2025-02-18T23:20:04","guid":{"rendered":"https:\/\/diarioregionaldigital.com.br\/?p=226900"},"modified":"2025-02-18T20:20:04","modified_gmt":"2025-02-18T23:20:04","slug":"acao-socioeducativa-do-seas-e-consultorio-na-rua-realiza-prevencao-de-ists-hiv","status":"publish","type":"post","link":"https:\/\/diarioregionaldigital.com.br\/?p=226900","title":{"rendered":"A\u00e7\u00e3o socioeducativa do Seas e Consult\u00f3rio na Rua realiza preven\u00e7\u00e3o de ISTs\/HIV"},"content":{"rendered":"<p>Segundo informa\u00e7\u00f5es do site da Prefeitura de Juiz de Fora (PJF), no \u00faltimo dia 17 de fevereiro, das 15h \u00e0s 17h, a Pra\u00e7a da Esta\u00e7\u00e3o recebeu uma a\u00e7\u00e3o socioeducativa promovida pelo Servi\u00e7o Especializado de Abordagem Social (Seas), executado pela Amac e pela Secretaria de Assist\u00eancia Social da Prefeitura de Juiz de Fora (SAS\/PJF), em parceria com a equipe do Consult\u00f3rio na Rua.<\/p>\n<p>Com o objetivo conscientizar e sensibilizar a popula\u00e7\u00e3o em situa\u00e7\u00e3o de rua sobre a import\u00e2ncia da preven\u00e7\u00e3o de Infec\u00e7\u00f5es Sexualmente Transmiss\u00edveis (ISTs) e HIV, a a\u00e7\u00e3o integrou servi\u00e7os da assist\u00eancia social e da sa\u00fade, fundamentais para ampliar o acesso dessa popula\u00e7\u00e3o a atendimentos especializados, exames, tratamentos e demais pol\u00edticas p\u00fablicas. Por meio de encaminhamentos para a rede socioassistencial e de sa\u00fade do munic\u00edpio, a iniciativa buscou garantir o direito ao cuidado e \u00e0 informa\u00e7\u00e3o.<\/p>\n<p>Durante a atividade, foram oferecidas orienta\u00e7\u00f5es sobre preven\u00e7\u00e3o de infec\u00e7\u00f5es sexualmente transmiss\u00edveis, cuidados com a sa\u00fade, e outros temas relevantes. Al\u00e9m disso, foram distribu\u00eddos folhetos informativos, preservativos, e kits de lanche para as pessoas atendidas. Ao todo, 32 pessoas em situa\u00e7\u00e3o de rua participaram da a\u00e7\u00e3o.<\/p>\n","protected":false},"excerpt":{"rendered":"<p>Segundo informa\u00e7\u00f5es do site da Prefeitura de Juiz de Fora (PJF), no \u00faltimo dia 17 de fevereiro, das 15h \u00e0s 17h, a Pra\u00e7a da Esta\u00e7\u00e3o recebeu uma a\u00e7\u00e3o socioeducativa promovida pelo Servi\u00e7o Especializado de Abordagem Social (Seas), executado pela Amac e pela Secretaria de Assist\u00eancia Social da Prefeitura de Juiz de Fora (SAS\/PJF), em parceria [&hellip;]<\/p>\n","protected":false},"author":246,"featured_media":226901,"comment_status":"closed","ping_status":"closed","sticky":false,"template":"","format":"standard","meta":{"footnotes":""},"categories":[253,436,439],"tags":[],"class_list":["post-226900","post","type-post","status-publish","format-standard","has-post-thumbnail","hentry","category-cidade","category-destaque-da-semana","category-ultima-hora"],"_links":{"self":[{"href":"https:\/\/diarioregionaldigital.com.br\/index.php?rest_route=\/wp\/v2\/posts\/226900","targetHints":{"allow":["GET"]}}],"collection":[{"href":"https:\/\/diarioregionaldigital.com.br\/index.php?rest_route=\/wp\/v2\/posts"}],"about":[{"href":"https:\/\/diarioregionaldigital.com.br\/index.php?rest_route=\/wp\/v2\/types\/post"}],"author":[{"embeddable":true,"href":"https:\/\/diarioregionaldigital.com.br\/index.php?rest_route=\/wp\/v2\/users\/246"}],"replies":[{"embeddable":true,"href":"https:\/\/diarioregionaldigital.com.br\/index.php?rest_route=%2Fwp%2Fv2%2Fcomments&post=226900"}],"version-history":[{"count":1,"href":"https:\/\/diarioregionaldigital.com.br\/index.php?rest_route=\/wp\/v2\/posts\/226900\/revisions"}],"predecessor-version":[{"id":226902,"href":"https:\/\/diarioregionaldigital.com.br\/index.php?rest_route=\/wp\/v2\/posts\/226900\/revisions\/226902"}],"wp:featuredmedia":[{"embeddable":true,"href":"https:\/\/diarioregionaldigital.com.br\/index.php?rest_route=\/wp\/v2\/media\/226901"}],"wp:attachment":[{"href":"https:\/\/diarioregionaldigital.com.br\/index.php?rest_route=%2Fwp%2Fv2%2Fmedia&parent=226900"}],"wp:term":[{"taxonomy":"category","embeddable":true,"href":"https:\/\/diarioregionaldigital.com.br\/index.php?rest_route=%2Fwp%2Fv2%2Fcategories&post=226900"},{"taxonomy":"post_tag","embeddable":true,"href":"https:\/\/diarioregionaldigital.com.br\/index.php?rest_route=%2Fwp%2Fv2%2Ftags&post=226900"}],"curies":[{"name":"wp","href":"https:\/\/api.w.org\/{rel}","templated":true}]}}