{"id":226897,"date":"2025-02-18T20:18:52","date_gmt":"2025-02-18T23:18:52","guid":{"rendered":"https:\/\/diarioregionaldigital.com.br\/?p=226897"},"modified":"2025-02-18T20:18:52","modified_gmt":"2025-02-18T23:18:52","slug":"parque-halfeld-recebe-evento-de-adocao-do-canil-municipal-neste-sabado-22","status":"publish","type":"post","link":"https:\/\/diarioregionaldigital.com.br\/?p=226897","title":{"rendered":"Parque Halfeld recebe evento de ado\u00e7\u00e3o do Canil Municipal neste s\u00e1bado (22)"},"content":{"rendered":"<p>Segundo informa\u00e7\u00f5es do site da Prefeitura de Juiz de Fora (PJF), o\u00a0Canil Municipal da Secretaria do Bem-Estar Animal (Sebeal) da Prefeitura de Juiz de Fora (PJF) promove mais um evento de ado\u00e7\u00e3o respons\u00e1vel no Parque Halfeld, neste s\u00e1bado, dia 22, das 9h \u00e0s 13h, para ado\u00e7\u00e3o de c\u00e3es e gatos.<\/p>\n<p>Para adotar um novo amigo ou uma nova amiga, o futuro tutor ou a futura tutora deve comparecer ao local com c\u00f3pias do RG, CPF e comprovante de resid\u00eancia. A equipe do Canil Municipal realiza entrevista minuciosa com pleiteantes \u00e0 ado\u00e7\u00e3o, a fim de analisar a aptid\u00e3o e os requisitos para levar um novo amigo para casa.<\/p>\n<p>&nbsp;<\/p>\n<p><strong>Vacina\u00e7\u00e3o antirr\u00e1bica animal<\/strong><\/p>\n<p>Outras atividades de cuidado e prote\u00e7\u00e3o animal sempre integram ao evento, como a vacina\u00e7\u00e3o antirr\u00e1bica animal. A a\u00e7\u00e3o do Canil Municipal da PJF \u00e9 uma grande oportunidade para atualiza\u00e7\u00e3o do cart\u00e3o vacinal de pets do p\u00fablico geral de forma totalmente gratuita.<\/p>\n<p>&nbsp;<\/p>\n<p><strong>Campanha de doa\u00e7\u00f5es para c\u00e3es e gatos do Canil Municipal<\/strong><\/p>\n<p>O Parque Halfeld \u00e9 um dos pontos de doa\u00e7\u00e3o da campanha para o canil. Entre os produtos que poder\u00e3o ser doados est\u00e3o: ra\u00e7\u00e3o, medicamentos veterin\u00e1rios, colares elizabetanos; produtos de limpeza, caixas de transporte; antipulgas e carrapatos; verm\u00edfugos; pat\u00eas (para c\u00e3es e gatos filhotes e adultos) e itens que seu gato ou c\u00e3o n\u00e3o usa mais.<\/p>\n<p>&nbsp;<\/p>\n<p><strong>&#8220;Me Adota A\u00ed!&#8221;<\/strong><\/p>\n<p>A campanha \u201cMe Adota A\u00ed!\u201d foi lan\u00e7ada pela atual gest\u00e3o municipal com o objetivo de garantir um lar para os animais que est\u00e3o no Canil Municipal. Os interessados em adotar um amigo podem visitar o Canil das 9h \u00e0s 10h30 e das 13h \u00e0s 15h30, de segunda a sexta. Al\u00e9m disso, tamb\u00e9m pode ser feito agendamento para outros dias pelo telefone (32) 98416-3648. O Canil fica na Rua Bartolomeu dos Santos 680, bairro S\u00e3o Dami\u00e3o.<\/p>\n<p>&nbsp;<\/p>\n","protected":false},"excerpt":{"rendered":"<p>Segundo informa\u00e7\u00f5es do site da Prefeitura de Juiz de Fora (PJF), o\u00a0Canil Municipal da Secretaria do Bem-Estar Animal (Sebeal) da Prefeitura de Juiz de Fora (PJF) promove mais um evento de ado\u00e7\u00e3o respons\u00e1vel no Parque Halfeld, neste s\u00e1bado, dia 22, das 9h \u00e0s 13h, para ado\u00e7\u00e3o de c\u00e3es e gatos. Para adotar um novo amigo [&hellip;]<\/p>\n","protected":false},"author":246,"featured_media":226898,"comment_status":"closed","ping_status":"closed","sticky":false,"template":"","format":"standard","meta":{"footnotes":""},"categories":[253,436,439],"tags":[],"class_list":["post-226897","post","type-post","status-publish","format-standard","has-post-thumbnail","hentry","category-cidade","category-destaque-da-semana","category-ultima-hora"],"_links":{"self":[{"href":"https:\/\/diarioregionaldigital.com.br\/index.php?rest_route=\/wp\/v2\/posts\/226897","targetHints":{"allow":["GET"]}}],"collection":[{"href":"https:\/\/diarioregionaldigital.com.br\/index.php?rest_route=\/wp\/v2\/posts"}],"about":[{"href":"https:\/\/diarioregionaldigital.com.br\/index.php?rest_route=\/wp\/v2\/types\/post"}],"author":[{"embeddable":true,"href":"https:\/\/diarioregionaldigital.com.br\/index.php?rest_route=\/wp\/v2\/users\/246"}],"replies":[{"embeddable":true,"href":"https:\/\/diarioregionaldigital.com.br\/index.php?rest_route=%2Fwp%2Fv2%2Fcomments&post=226897"}],"version-history":[{"count":1,"href":"https:\/\/diarioregionaldigital.com.br\/index.php?rest_route=\/wp\/v2\/posts\/226897\/revisions"}],"predecessor-version":[{"id":226899,"href":"https:\/\/diarioregionaldigital.com.br\/index.php?rest_route=\/wp\/v2\/posts\/226897\/revisions\/226899"}],"wp:featuredmedia":[{"embeddable":true,"href":"https:\/\/diarioregionaldigital.com.br\/index.php?rest_route=\/wp\/v2\/media\/226898"}],"wp:attachment":[{"href":"https:\/\/diarioregionaldigital.com.br\/index.php?rest_route=%2Fwp%2Fv2%2Fmedia&parent=226897"}],"wp:term":[{"taxonomy":"category","embeddable":true,"href":"https:\/\/diarioregionaldigital.com.br\/index.php?rest_route=%2Fwp%2Fv2%2Fcategories&post=226897"},{"taxonomy":"post_tag","embeddable":true,"href":"https:\/\/diarioregionaldigital.com.br\/index.php?rest_route=%2Fwp%2Fv2%2Ftags&post=226897"}],"curies":[{"name":"wp","href":"https:\/\/api.w.org\/{rel}","templated":true}]}}