{"id":226894,"date":"2025-02-18T20:17:53","date_gmt":"2025-02-18T23:17:53","guid":{"rendered":"https:\/\/diarioregionaldigital.com.br\/?p=226894"},"modified":"2025-02-18T20:17:53","modified_gmt":"2025-02-18T23:17:53","slug":"escola-municipal-dr-cassio-vieira-marques-inicia-projeto-radio-escola","status":"publish","type":"post","link":"https:\/\/diarioregionaldigital.com.br\/?p=226894","title":{"rendered":"Escola Municipal Dr. C\u00e1ssio Vieira Marques inicia projeto &#8220;R\u00e1dio Escola&#8221;"},"content":{"rendered":"<p>Segundo informa\u00e7\u00f5es do site da Prefeitura de Juiz de Fora (PJF), a\u00a0Escola Municipal Dr. C\u00e1ssio Vieira Marques, no bairro Vila Montanhesa, iniciou o projeto &#8220;R\u00e1dio Escola&#8221;, buscando promover intera\u00e7\u00e3o, conhecimento e momentos de descontra\u00e7\u00e3o entre os estudantes. A iniciativa permitir\u00e1 que cada turma escolha, semanalmente, m\u00fasicas para serem tocadas durante o intervalo em um dia da semana, tornando o ambiente escolar mais din\u00e2mico e envolvente. A primeira turma respons\u00e1vel pela sele\u00e7\u00e3o das m\u00fasicas \u00e9 a do 9\u00ba ano.<\/p>\n<p>Para garantir que as m\u00fasicas sejam adequadas ao contexto escolar, cada turma ter\u00e1 uma comiss\u00e3o de tr\u00eas estudantes, respons\u00e1veis por avaliar o conte\u00fado das can\u00e7\u00f5es antes da execu\u00e7\u00e3o. Essa medida visa a assegurar que as escolhas respeitem os princ\u00edpios da escola e sejam coerentes com o ambiente educativo. O projeto est\u00e1 sendo organizado pelo professor Samuel Nazareth Souza, que destaca a import\u00e2ncia da iniciativa para o desenvolvimento da responsabilidade, do engajamento e do trabalho em equipe entre os estudantes.<\/p>\n<p>Al\u00e9m das sele\u00e7\u00f5es musicais, a &#8220;R\u00e1dio Escola&#8221; tamb\u00e9m ser\u00e1 um canal de comunica\u00e7\u00e3o dentro da institui\u00e7\u00e3o, transmitindo recados da dire\u00e7\u00e3o e da coordena\u00e7\u00e3o, bem como informa\u00e7\u00f5es sobre atividades voltadas \u00e0 comunidade escolar. Dessa forma, a iniciativa amplia sua relev\u00e2ncia ao integrar m\u00fasica e a divulga\u00e7\u00e3o de informa\u00e7\u00f5es essenciais para o cotidiano dos estudantes.<\/p>\n<p>A expectativa \u00e9 de que a &#8220;R\u00e1dio Escola&#8221; se torne uma tradi\u00e7\u00e3o e contribua para fortalecer o v\u00ednculo entre os estudantes e a escola. &#8220;O projeto traz uma nova din\u00e2mica ao ambiente escolar, pois, al\u00e9m de tornar os intervalos mais agrad\u00e1veis, oferece para n\u00f3s um sentimento de autonomia e de prest\u00edgio&#8221;, destaca o estudante David Lucas.<\/p>\n<p>&nbsp;<\/p>\n","protected":false},"excerpt":{"rendered":"<p>Segundo informa\u00e7\u00f5es do site da Prefeitura de Juiz de Fora (PJF), a\u00a0Escola Municipal Dr. C\u00e1ssio Vieira Marques, no bairro Vila Montanhesa, iniciou o projeto &#8220;R\u00e1dio Escola&#8221;, buscando promover intera\u00e7\u00e3o, conhecimento e momentos de descontra\u00e7\u00e3o entre os estudantes. A iniciativa permitir\u00e1 que cada turma escolha, semanalmente, m\u00fasicas para serem tocadas durante o intervalo em um dia [&hellip;]<\/p>\n","protected":false},"author":246,"featured_media":226895,"comment_status":"closed","ping_status":"closed","sticky":false,"template":"","format":"standard","meta":{"footnotes":""},"categories":[253,436,440,439],"tags":[],"class_list":["post-226894","post","type-post","status-publish","format-standard","has-post-thumbnail","hentry","category-cidade","category-destaque-da-semana","category-destaques-do-dia","category-ultima-hora"],"_links":{"self":[{"href":"https:\/\/diarioregionaldigital.com.br\/index.php?rest_route=\/wp\/v2\/posts\/226894","targetHints":{"allow":["GET"]}}],"collection":[{"href":"https:\/\/diarioregionaldigital.com.br\/index.php?rest_route=\/wp\/v2\/posts"}],"about":[{"href":"https:\/\/diarioregionaldigital.com.br\/index.php?rest_route=\/wp\/v2\/types\/post"}],"author":[{"embeddable":true,"href":"https:\/\/diarioregionaldigital.com.br\/index.php?rest_route=\/wp\/v2\/users\/246"}],"replies":[{"embeddable":true,"href":"https:\/\/diarioregionaldigital.com.br\/index.php?rest_route=%2Fwp%2Fv2%2Fcomments&post=226894"}],"version-history":[{"count":1,"href":"https:\/\/diarioregionaldigital.com.br\/index.php?rest_route=\/wp\/v2\/posts\/226894\/revisions"}],"predecessor-version":[{"id":226896,"href":"https:\/\/diarioregionaldigital.com.br\/index.php?rest_route=\/wp\/v2\/posts\/226894\/revisions\/226896"}],"wp:featuredmedia":[{"embeddable":true,"href":"https:\/\/diarioregionaldigital.com.br\/index.php?rest_route=\/wp\/v2\/media\/226895"}],"wp:attachment":[{"href":"https:\/\/diarioregionaldigital.com.br\/index.php?rest_route=%2Fwp%2Fv2%2Fmedia&parent=226894"}],"wp:term":[{"taxonomy":"category","embeddable":true,"href":"https:\/\/diarioregionaldigital.com.br\/index.php?rest_route=%2Fwp%2Fv2%2Fcategories&post=226894"},{"taxonomy":"post_tag","embeddable":true,"href":"https:\/\/diarioregionaldigital.com.br\/index.php?rest_route=%2Fwp%2Fv2%2Ftags&post=226894"}],"curies":[{"name":"wp","href":"https:\/\/api.w.org\/{rel}","templated":true}]}}