{"id":226888,"date":"2025-02-18T20:14:11","date_gmt":"2025-02-18T23:14:11","guid":{"rendered":"https:\/\/diarioregionaldigital.com.br\/?p=226888"},"modified":"2025-02-18T20:14:11","modified_gmt":"2025-02-18T23:14:11","slug":"governador-abre-curso-de-capacitacao-tecnica-da-defesa-civil-de-minas-gerais","status":"publish","type":"post","link":"https:\/\/diarioregionaldigital.com.br\/?p=226888","title":{"rendered":"Governador abre curso de capacita\u00e7\u00e3o t\u00e9cnica da Defesa Civil de Minas Gerais"},"content":{"rendered":"<p>O governador de Minas Gerais, Romeu Zema, participou, na manh\u00e3 desta ter\u00e7a-feira (18\/2), da abertura\u00a0do curso de forma\u00e7\u00e3o, educa\u00e7\u00e3o, capacita\u00e7\u00e3o e conhecimentos em desastres e emerg\u00eancias da\u00a0<a href=\"https:\/\/www.defesacivil.mg.gov.br\/\" target=\"_blank\" rel=\"noopener\">Coordenadoria Estadual de Defesa Civil (Cedec)<\/a>.<\/p>\n<p>A capacita\u00e7\u00e3o, que acontece\u00a0na academia do\u00a0<a href=\"https:\/\/www.bombeiros.mg.gov.br\/\" target=\"_blank\" rel=\"noopener\">Corpo de Bombeiros Militar de Minas Gerais (CBMMG)<\/a>, em Belo Horizonte, visa\u00a0ampliar o conhecimento e a experi\u00eancia dos agentes municipais.\u00a0Mais de 200 agentes de diferentes munic\u00edpios mineiros estiveram presentes nesse primeiro dia de treinamento.<\/p>\n<table border=\"0\" cellspacing=\"1\" cellpadding=\"1\" align=\"center\">\n<tbody>\n<tr>\n<td colspan=\"5\"><img decoding=\"async\" src=\"https:\/\/www.agenciaminas.mg.gov.br\/ckeditor_assets\/pictures\/20949\/content_2_olho_topo.jpg\" alt=\"\" \/><\/td>\n<\/tr>\n<tr>\n<td><\/td>\n<td colspan=\"3\" rowspan=\"3\">\n<h1><strong>&#8220;Esse curso \u00e9 muito importante, pois estar cada vez mais preparado\u00a0\u00e9 a chave para um trabalho bem feito. Cada minuto \u00e9 importante para salvar uma vida, ent\u00e3o, espero que os agentes municipais que est\u00e3o fazendo o curso ganhem mais experi\u00eancia\u00a0e se capacitem para estarmos preparados para atender a popula\u00e7\u00e3o mineira&#8221;, enfatizou Romeu Zema.<\/strong><\/h1>\n<\/td>\n<td><\/td>\n<\/tr>\n<tr>\n<td><\/td>\n<td><\/td>\n<\/tr>\n<tr>\n<td><\/td>\n<td><\/td>\n<\/tr>\n<tr>\n<td colspan=\"5\"><img decoding=\"async\" src=\"https:\/\/www.agenciaminas.mg.gov.br\/ckeditor_assets\/pictures\/20950\/content_2_olho_inferior.jpg\" alt=\"\" \/><\/td>\n<\/tr>\n<\/tbody>\n<\/table>\n<p>At\u00e9 quinta-feira (20\/2), os agentes poder\u00e3o trocar experi\u00eancias e ampliar seus conhecimentos em prote\u00e7\u00e3o e defesa civil, gest\u00e3o de crises, planejamento de emerg\u00eancia, resposta a desastres e a\u00e7\u00f5es preventivas por meio das disciplinas de mapeamento de \u00e1reas de risco, decreta\u00e7\u00e3o de anormalidade, sistema integrado de informa\u00e7\u00f5es sobre desastres, ajuda humanit\u00e1ria e a\u00e7\u00f5es de resposta.<\/p>\n<p>&#8220;Vamos capacit\u00e1-los\u00a0para\u00a0dar uma resposta adequada em situa\u00e7\u00f5es de anormalidade. Al\u00e9m disso, apresentamos nossa organiza\u00e7\u00e3o deste ano para trabalharmos nas esferas da preven\u00e7\u00e3o, prepara\u00e7\u00e3o e mitiga\u00e7\u00e3o de desastres\u201d, ressaltou o superintendente de Planejamento da Cedec, major\u00a0Rodrigo Alencar Lopes de Miranda.<\/p>\n<p><strong>Compromisso com a Defesa Civil<\/strong><\/p>\n<p>Durante a solenidade, o governador citou a\u00e7\u00f5es do\u00a0\u00a0<a href=\"https:\/\/www.mg.gov.br\/\" target=\"_blank\" rel=\"noopener\">Governo de Minas<\/a>\u00a0para melhorar o trabalho da Defesa Civil no estado, principalmente na compra de novos equipamentos.<\/p>\n<p>\u201cDesde o in\u00edcio do meu governo, estamos empenhados com a Defesa Civil de Minas Gerais. Hoje estamos bem melhor equipados. Diversas prefeituras receberam o nosso kit, que cont\u00e9m viaturas novas 4&#215;4, notebooks, trena eletr\u00f4nica e muito mais. Tamb\u00e9m temos um monitoramento das condi\u00e7\u00f5es clim\u00e1ticas que transmite avisos pr\u00e9vios em casos de tempestades ou riscos geol\u00f3gicos. Essa \u00e9 uma a\u00e7\u00e3o que pode salvar vidas. Ent\u00e3o, tudo isso prova que tivemos muito avan\u00e7os nessa \u00e1rea\u201d, destacou.<\/p>\n<p>Nos \u00faltimos tr\u00eas anos, mais de R$ 94 milh\u00f5es foram destinados \u00e0 estrutura\u00e7\u00e3o das Defesas Civis municipais, com a entrega de 513 kits de viaturas, equipamentos e materiais de preven\u00e7\u00e3o, beneficiando 494 munic\u00edpios mineiros.<\/p>\n<p><strong>Cedec-MG<\/strong><\/p>\n<p>A Cedec foi criada em 1972, como um \u00f3rg\u00e3o colegiado, integrado por representantes de diversos setores da administra\u00e7\u00e3o estadual, mas sem vincula\u00e7\u00e3o direta a nenhum \u00f3rg\u00e3o. A estrutura foi vinculada ao Gabinete Militar em 1977, assumindo o formato que tem hoje.<\/p>\n<p>A atua\u00e7\u00e3o da Defesa Civil em Minas Gerais representa a integra\u00e7\u00e3o e a for\u00e7a de todos os \u00f3rg\u00e3os do estado e da sociedade civil organizada, coordenados pelo\u00a0<a href=\"https:\/\/www.mg.gov.br\/gabinetemilitar\" target=\"_blank\" rel=\"noopener\">Gabinete Militar do Governador<\/a>.<\/p>\n<p>A Escola de Defesa Civil capacitou mais de 5 mil pessoas, entre 2023 e 2024, em temas como preven\u00e7\u00e3o, resposta e reconstru\u00e7\u00e3o, com iniciativas como o curso de forma\u00e7\u00e3o para Coordenadores Municipais em Prote\u00e7\u00e3o e Defesa Civil, curso de Especializa\u00e7\u00e3o em Gest\u00e3o P\u00fablica em Prote\u00e7\u00e3o e Defesa Civil (UFJF), programa Defesa Civil nas Escolas, e realiza\u00e7\u00e3o de semin\u00e1rios.<\/p>\n<p>Fonte: Ag\u00eancia Minas<\/p>\n","protected":false},"excerpt":{"rendered":"<p>O governador de Minas Gerais, Romeu Zema, participou, na manh\u00e3 desta ter\u00e7a-feira (18\/2), da abertura\u00a0do curso de forma\u00e7\u00e3o, educa\u00e7\u00e3o, capacita\u00e7\u00e3o e conhecimentos em desastres e emerg\u00eancias da\u00a0Coordenadoria Estadual de Defesa Civil (Cedec). A capacita\u00e7\u00e3o, que acontece\u00a0na academia do\u00a0Corpo de Bombeiros Militar de Minas Gerais (CBMMG), em Belo Horizonte, visa\u00a0ampliar o conhecimento e a experi\u00eancia dos [&hellip;]<\/p>\n","protected":false},"author":246,"featured_media":226889,"comment_status":"closed","ping_status":"closed","sticky":false,"template":"","format":"standard","meta":{"footnotes":""},"categories":[436,440,261,254,439],"tags":[],"class_list":["post-226888","post","type-post","status-publish","format-standard","has-post-thumbnail","hentry","category-destaque-da-semana","category-destaques-do-dia","category-economia","category-politica","category-ultima-hora"],"_links":{"self":[{"href":"https:\/\/diarioregionaldigital.com.br\/index.php?rest_route=\/wp\/v2\/posts\/226888","targetHints":{"allow":["GET"]}}],"collection":[{"href":"https:\/\/diarioregionaldigital.com.br\/index.php?rest_route=\/wp\/v2\/posts"}],"about":[{"href":"https:\/\/diarioregionaldigital.com.br\/index.php?rest_route=\/wp\/v2\/types\/post"}],"author":[{"embeddable":true,"href":"https:\/\/diarioregionaldigital.com.br\/index.php?rest_route=\/wp\/v2\/users\/246"}],"replies":[{"embeddable":true,"href":"https:\/\/diarioregionaldigital.com.br\/index.php?rest_route=%2Fwp%2Fv2%2Fcomments&post=226888"}],"version-history":[{"count":1,"href":"https:\/\/diarioregionaldigital.com.br\/index.php?rest_route=\/wp\/v2\/posts\/226888\/revisions"}],"predecessor-version":[{"id":226890,"href":"https:\/\/diarioregionaldigital.com.br\/index.php?rest_route=\/wp\/v2\/posts\/226888\/revisions\/226890"}],"wp:featuredmedia":[{"embeddable":true,"href":"https:\/\/diarioregionaldigital.com.br\/index.php?rest_route=\/wp\/v2\/media\/226889"}],"wp:attachment":[{"href":"https:\/\/diarioregionaldigital.com.br\/index.php?rest_route=%2Fwp%2Fv2%2Fmedia&parent=226888"}],"wp:term":[{"taxonomy":"category","embeddable":true,"href":"https:\/\/diarioregionaldigital.com.br\/index.php?rest_route=%2Fwp%2Fv2%2Fcategories&post=226888"},{"taxonomy":"post_tag","embeddable":true,"href":"https:\/\/diarioregionaldigital.com.br\/index.php?rest_route=%2Fwp%2Fv2%2Ftags&post=226888"}],"curies":[{"name":"wp","href":"https:\/\/api.w.org\/{rel}","templated":true}]}}