{"id":226883,"date":"2025-02-18T00:32:25","date_gmt":"2025-02-18T03:32:25","guid":{"rendered":"https:\/\/diarioregionaldigital.com.br\/?p=226883"},"modified":"2025-02-18T00:32:25","modified_gmt":"2025-02-18T03:32:25","slug":"pregao-002-18-02-2025","status":"publish","type":"post","link":"https:\/\/diarioregionaldigital.com.br\/?p=226883","title":{"rendered":"PREG\u00c3O 002 &#8211; 18\/02\/2025"},"content":{"rendered":"<p class=\"s4\"><span class=\"s5\"><span class=\"bumpedFont15\">AVISO DE LICITA\u00c7\u00c3O<\/span><\/span><\/p>\n<p class=\"s4\">\n<p class=\"s4\"><span class=\"s5\"><span class=\"bumpedFont15\">Processo <\/span><\/span><span class=\"s5\"><span class=\"bumpedFont15\">Licita<\/span><\/span><span class=\"s5\"><span class=\"bumpedFont15\">t\u00f3rio<\/span><\/span><span class=\"s5\"><span class=\"bumpedFont15\"> n\u00b0 <\/span><\/span><span class=\"s5\"><span class=\"bumpedFont15\">0<\/span><\/span><span class=\"s5\"><span class=\"bumpedFont15\">16<\/span><\/span><span class=\"s5\"><span class=\"bumpedFont15\">\/202<\/span><\/span><span class=\"s5\"><span class=\"bumpedFont15\">5<\/span><\/span><\/p>\n<p class=\"s4\"><span class=\"s5\"><span class=\"bumpedFont15\">Moda<\/span><\/span><span class=\"s5\"><span class=\"bumpedFont15\">li<\/span><\/span><span class=\"s5\"><span class=\"bumpedFont15\">dade de Preg\u00e3o Presencial n<\/span><\/span><span class=\"s5\"><span class=\"bumpedFont15\">\u00b0 <\/span><\/span><span class=\"s5\"><span class=\"bumpedFont15\">0<\/span><\/span><span class=\"s5\"><span class=\"bumpedFont15\">2<\/span><\/span><span class=\"s5\"><span class=\"bumpedFont15\">\/202<\/span><\/span><span class=\"s5\"><span class=\"bumpedFont15\">5<\/span><\/span><\/p>\n<p class=\"s8\"><span class=\"s6\"><span class=\"bumpedFont15\">O Munic\u00edpio de DESCOBERTO, na forma da lei, faz saber a todos quantos o presente edital virem, ou dele conhecimento tiverem<\/span><\/span><span class=\"s6\"><span class=\"bumpedFont15\">,<\/span><\/span> <span class=\"s6\"><span class=\"bumpedFont15\">que a par<\/span><\/span><span class=\"s6\"><span class=\"bumpedFont15\">tir das <\/span><\/span><span class=\"s6\"><span class=\"bumpedFont15\">09<\/span><\/span><span class=\"s6\"><span class=\"bumpedFont15\">:<\/span><\/span><span class=\"s6\"><span class=\"bumpedFont15\">0<\/span><\/span><span class=\"s6\"><span class=\"bumpedFont15\">0h<\/span><\/span><span class=\"s6\"><span class=\"bumpedFont15\">do dia <\/span><\/span><span class=\"s6\"><span class=\"bumpedFont15\">11<\/span><\/span><span class=\"s6\"><span class=\"bumpedFont15\"> de <\/span><\/span><span class=\"s6\"><span class=\"bumpedFont15\">Mar\u00e7o<\/span><\/span><span class=\"s6\"><span class=\"bumpedFont15\"> de 202<\/span><\/span><span class=\"s6\"><span class=\"bumpedFont15\">5<\/span><\/span><span class=\"s6\"><span class=\"bumpedFont15\">,<\/span><\/span><span class=\"s6\"><span class=\"bumpedFont15\"> na Prefeitura Municipal na sala da comiss\u00e3o de licita\u00e7\u00e3o, localizada na <\/span><\/span><span class=\"s6\"><span class=\"bumpedFont15\">R<\/span><\/span><span class=\"s6\"><span class=\"bumpedFont15\">ua <\/span><\/span><span class=\"s6\"><span class=\"bumpedFont15\">Capit\u00e3o Bas\u00edlio<\/span><\/span><span class=\"s6\"><span class=\"bumpedFont15\">, n\u00b0 39, <\/span><\/span><span class=\"s6\"><span class=\"bumpedFont15\">B<\/span><\/span><span class=\"s6\"><span class=\"bumpedFont15\">airro C<\/span><\/span><span class=\"s6\"><span class=\"bumpedFont15\">ENTRO<\/span><\/span><span class=\"s6\"><span class=\"bumpedFont15\">, munic\u00edpio de DESCOBERTO, ser\u00e1 realizada licita\u00e7\u00e3o <\/span><\/span><span class=\"s6\"><span class=\"bumpedFont15\">na modalidade <\/span><\/span><span class=\"s6\"><span class=\"bumpedFont15\">PREG\u00c3O PRESENCIAL<\/span><\/span><span class=\"s6\"><span class=\"bumpedFont15\">,<\/span><\/span> <span class=\"s6\"><span class=\"bumpedFont15\">o<\/span><\/span><span class=\"s6\"><span class=\"bumpedFont15\">bj<\/span><\/span><span class=\"s6\"><span class=\"bumpedFont15\">et<\/span><\/span><span class=\"s6\"><span class=\"bumpedFont15\">ivando<\/span><\/span><a name=\"_Hlk185066675\"><\/a><span class=\"s6\"><span class=\"bumpedFont15\">c<\/span><\/span><span class=\"s6\"><span class=\"bumpedFont15\">ontrata\u00e7\u00e3o de empresa especializada na presta\u00e7\u00e3o de servi\u00e7os t\u00e9cnicos de contabilidade p\u00fablica para atendimentos aos setores da tesouraria e contabilidade<\/span><\/span><span class=\"s6\"><span class=\"bumpedFont15\">,<\/span><\/span><span class=\"s6\"><span class=\"bumpedFont15\"> PARA ATENDER AS NECESSIDADES DO MUNIC\u00cdPIO DE DESCOBERTO-MG<\/span><\/span><span class=\"s6\"><span class=\"bumpedFont15\">, <\/span><\/span><span class=\"s6\"><span class=\"bumpedFont15\">tipo Menor Pre\u00e7o<\/span><\/span><span class=\"s6\"><span class=\"bumpedFont15\">, <\/span><\/span><span class=\"s6\"><span class=\"bumpedFont15\">conforme const<\/span><\/span><span class=\"s6\"><span class=\"bumpedFont15\">a no edital que se encon<\/span><\/span><span class=\"s6\"><span class=\"bumpedFont15\">tr<\/span><\/span><span class=\"s6\"><span class=\"bumpedFont15\">a \u00a0a disp<\/span><\/span><span class=\"s6\"><span class=\"bumpedFont15\">osi\u00e7\u00e3o de <\/span><\/span><span class=\"s6\"><span class=\"bumpedFont15\">to<\/span><\/span><span class=\"s6\"><span class=\"bumpedFont15\">dos \u00a0os interessados na Prefeitura Municipal, onde poder\u00e3o obt\u00ea-lo<\/span><\/span><span class=\"s6\"><span class=\"bumpedFont15\"> ou atrav\u00e9s do site<\/span><\/span><a href=\"http:\/\/www.descoberto.mg.gov.br\/\"><span class=\"s7\"><span class=\"bumpedFont15\">http:\/\/www.descoberto.mg.go<\/span><\/span><span class=\"s7\"><span class=\"bumpedFont15\">v<\/span><\/span><span class=\"s7\"><span class=\"bumpedFont15\">.br<\/span><\/span><\/a><span class=\"s6\"><span class=\"bumpedFont15\">. Para conhecimento de todos os interessados<\/span><\/span><span class=\"s6\"><span class=\"bumpedFont15\">, expediu-se o presente<\/span><\/span><span class=\"s6\"><span class=\"bumpedFont15\"> q<\/span><\/span><span class=\"s6\"><span class=\"bumpedFont15\">ue ser\u00e1 af<\/span><\/span><span class=\"s6\"><span class=\"bumpedFont15\">ixado no l<\/span><\/span><span class=\"s6\"><span class=\"bumpedFont15\">ug<\/span><\/span><span class=\"s6\"><span class=\"bumpedFont15\">ar de costume, publicando-se na forma da lei. <\/span><\/span><span class=\"s6\"><span class=\"bumpedFont15\">DESCOBERTO, <\/span><\/span><span class=\"s6\"><span class=\"bumpedFont15\">17<\/span><\/span><span class=\"s6\"><span class=\"bumpedFont15\">de <\/span><\/span><span class=\"s6\"><span class=\"bumpedFont15\">f<\/span><\/span><span class=\"s6\"><span class=\"bumpedFont15\">e<\/span><\/span><span class=\"s6\"><span class=\"bumpedFont15\">vereiro<\/span><\/span><span class=\"s6\"><span class=\"bumpedFont15\"> de 202<\/span><\/span><span class=\"s6\"><span class=\"bumpedFont15\">5<\/span><\/span><span class=\"s6\"><span class=\"bumpedFont15\">.<\/span><\/span><\/p>\n<p class=\"s8\">\n<p class=\"s8\">\n<p class=\"s4\"><span class=\"s9\"><span class=\"bumpedFont15\">_______________________________________________________________<\/span><\/span><\/p>\n<p class=\"s4\"><span class=\"s9\"><span class=\"bumpedFont15\">Rua: Capit\u00e3o Bas\u00edlio n\u00ba <\/span><\/span><span class=\"s9\"><span class=\"bumpedFont15\">39 <\/span><\/span><span class=\"s9\"><span class=\"bumpedFont15\">&#8211; Centro <\/span><\/span><span class=\"s9\"><span class=\"bumpedFont15\">&#8211; Descober<\/span><\/span><span class=\"s9\"><span class=\"bumpedFont15\">to<\/span><\/span><span class=\"s9\"><span class=\"bumpedFont15\"> &#8211; MG &#8211; Cep 36690-000<\/span><\/span><\/p>\n<p class=\"s4\"><span class=\"s9\"><span class=\"bumpedFont15\">Tel<\/span><\/span><span class=\"s9\"><span class=\"bumpedFont15\"> (32)<\/span><\/span><span class=\"s9\"><span class=\"bumpedFont15\"> 3265-1<\/span><\/span><span class=\"s9\"><span class=\"bumpedFont15\">740 \u2013 e-mail: <\/span><\/span><span class=\"s9\"><span class=\"bumpedFont15\">licitaca<\/span><\/span><span class=\"s9\"><span class=\"bumpedFont15\">o@descoberto.mg.gov.br<\/span><\/span><\/p>\n","protected":false},"excerpt":{"rendered":"<p>AVISO DE LICITA\u00c7\u00c3O Processo Licitat\u00f3rio n\u00b0 016\/2025 Modalidade de Preg\u00e3o Presencial n\u00b0 02\/2025 O Munic\u00edpio de DESCOBERTO, na forma da lei, faz saber a todos quantos o presente edital virem, ou dele conhecimento tiverem, que a partir das 09:00hdo dia 11 de Mar\u00e7o de 2025, na Prefeitura Municipal na sala da comiss\u00e3o de licita\u00e7\u00e3o, localizada [&hellip;]<\/p>\n","protected":false},"author":246,"featured_media":0,"comment_status":"closed","ping_status":"closed","sticky":false,"template":"","format":"standard","meta":{"footnotes":""},"categories":[307],"tags":[],"class_list":["post-226883","post","type-post","status-publish","format-standard","hentry","category-editais"],"_links":{"self":[{"href":"https:\/\/diarioregionaldigital.com.br\/index.php?rest_route=\/wp\/v2\/posts\/226883","targetHints":{"allow":["GET"]}}],"collection":[{"href":"https:\/\/diarioregionaldigital.com.br\/index.php?rest_route=\/wp\/v2\/posts"}],"about":[{"href":"https:\/\/diarioregionaldigital.com.br\/index.php?rest_route=\/wp\/v2\/types\/post"}],"author":[{"embeddable":true,"href":"https:\/\/diarioregionaldigital.com.br\/index.php?rest_route=\/wp\/v2\/users\/246"}],"replies":[{"embeddable":true,"href":"https:\/\/diarioregionaldigital.com.br\/index.php?rest_route=%2Fwp%2Fv2%2Fcomments&post=226883"}],"version-history":[{"count":1,"href":"https:\/\/diarioregionaldigital.com.br\/index.php?rest_route=\/wp\/v2\/posts\/226883\/revisions"}],"predecessor-version":[{"id":226884,"href":"https:\/\/diarioregionaldigital.com.br\/index.php?rest_route=\/wp\/v2\/posts\/226883\/revisions\/226884"}],"wp:attachment":[{"href":"https:\/\/diarioregionaldigital.com.br\/index.php?rest_route=%2Fwp%2Fv2%2Fmedia&parent=226883"}],"wp:term":[{"taxonomy":"category","embeddable":true,"href":"https:\/\/diarioregionaldigital.com.br\/index.php?rest_route=%2Fwp%2Fv2%2Fcategories&post=226883"},{"taxonomy":"post_tag","embeddable":true,"href":"https:\/\/diarioregionaldigital.com.br\/index.php?rest_route=%2Fwp%2Fv2%2Ftags&post=226883"}],"curies":[{"name":"wp","href":"https:\/\/api.w.org\/{rel}","templated":true}]}}