{"id":226879,"date":"2025-02-17T19:35:38","date_gmt":"2025-02-17T22:35:38","guid":{"rendered":"https:\/\/diarioregionaldigital.com.br\/?p=226879"},"modified":"2025-02-17T19:35:38","modified_gmt":"2025-02-17T22:35:38","slug":"guarda-municipal-vai-contribuir-com-estruturacao-de-politicas-nacionais-de-seguranca","status":"publish","type":"post","link":"https:\/\/diarioregionaldigital.com.br\/?p=226879","title":{"rendered":"Guarda Municipal vai contribuir com estrutura\u00e7\u00e3o de pol\u00edticas nacionais de seguran\u00e7a"},"content":{"rendered":"<p>Segundo informa\u00e7\u00f5es do site da Prefeitura de Juiz de Fora (PJF),\u00a0 a\u00a0Guarda Municipal de Juiz de Fora vai colaborar com a diretoria do Sistema \u00danico de Seguran\u00e7a P\u00fablica (Susp), da Secretaria Nacional de Seguran\u00e7a P\u00fablica (Senasp). Uma representante da corpora\u00e7\u00e3o vir\u00e1 a Bras\u00edlia para a troca de experi\u00eancias e desenvolvimento de projetos. Os trabalhos t\u00eam in\u00edcio a partir do m\u00eas de mar\u00e7o, com prazo inicial de dura\u00e7\u00e3o de tr\u00eas meses.<\/p>\n<p>O envio de participante local para cooperar com a constru\u00e7\u00e3o de pol\u00edticas p\u00fablicas de seguran\u00e7a nacionais \u00e9 uma forma de reconhecimento ao bom trabalho que o munic\u00edpio desenvolve na \u00e1rea, sendo frequentemente apontado pelo Governo federal como refer\u00eancia para replica\u00e7\u00e3o de seus projetos para outras estruturas de seguran\u00e7a.<\/p>\n<p>Conforme of\u00edcio da Senasp, o pedido de libera\u00e7\u00e3o da servidora se justifica por sua qualifica\u00e7\u00e3o t\u00e9cnica, e sua atua\u00e7\u00e3o poder\u00e1 contribuir para o desempenho de atividades e o desenvolvimento de programas e projetos voltados ao fortalecimento e moderniza\u00e7\u00e3o dos \u00f3rg\u00e3os de seguran\u00e7a p\u00fablica em \u00e2mbito nacional. \u201cAl\u00e9m disso, a servidora possui o perfil e as compet\u00eancias t\u00e9cnicas necess\u00e1rias para acompanhar e colaborar na reformula\u00e7\u00e3o da Matriz Curricular Nacional das Guardas Municipais, elaborar a proposta de um Plano Municipal Integrado de Seguran\u00e7a P\u00fablica e uma portaria que regulamente esses planos, al\u00e9m de mapear projetos bem-sucedidos de preven\u00e7\u00e3o \u00e0 viol\u00eancia e \u00e0 criminalidade conduzidos pelas guardas municipais no pa\u00eds\u201d, atesta o documento.<\/p>\n<p>Na etapa a cumprir na capital federal, Roberta ainda poder\u00e1 ajudar a estruturar portf\u00f3lio de boas pr\u00e1ticas, apoiar a implementa\u00e7\u00e3o do Projeto Munic\u00edpios Mais Seguros, auxiliar na an\u00e1lise e conclus\u00e3o da Pesquisa Diagn\u00f3stico Nacional das Guardas Municipais e contribuir para a constru\u00e7\u00e3o de capacita\u00e7\u00f5es destinadas a gestores e operadores de seguran\u00e7a p\u00fablica municipais.<\/p>\n<p>Roberta Mokdeci \u00e9 supervisora da Gest\u00e3o Operacional da Guarda Municipal e foi selecionada para a empreitada por possuir bagagem nas \u00e1reas de projetos preventivos e educa\u00e7\u00e3o \u00e0 dist\u00e2ncia (EAD), tendo sido tutora de curso no primeiro ciclo de capacita\u00e7\u00f5es do Programa Nacional de Seguran\u00e7a com Cidadania (Pronasci-2), do Minist\u00e9rio da Justi\u00e7a e Seguran\u00e7a P\u00fablica (MJSP) no ano de 2023.<\/p>\n<p>Formada em filosofia, pela Universidade Federal de Juiz de Fora (UFJF), especialista em Design Instrucional para Cursos EAD, pela Universidade Federal de Itajub\u00e1 (UNIFEI), especialista em Hist\u00f3ria da \u00c1frica (UFJF), Roberta ministrou curso Inclus\u00e3o Digital para pessoas em situa\u00e7\u00e3o de rua, entre os anos de 2016 e 2019, promovido pela Guarda Municipal e fez o acompanhamento de alunos inscritos na disciplina de Policiamento e Uso de Tecnologias, atuando na forma\u00e7\u00e3o de profissionais da seguran\u00e7a p\u00fablica com foco no policiamento cidad\u00e3o e defesa dos direitos humanos.<\/p>\n","protected":false},"excerpt":{"rendered":"<p>Segundo informa\u00e7\u00f5es do site da Prefeitura de Juiz de Fora (PJF),\u00a0 a\u00a0Guarda Municipal de Juiz de Fora vai colaborar com a diretoria do Sistema \u00danico de Seguran\u00e7a P\u00fablica (Susp), da Secretaria Nacional de Seguran\u00e7a P\u00fablica (Senasp). Uma representante da corpora\u00e7\u00e3o vir\u00e1 a Bras\u00edlia para a troca de experi\u00eancias e desenvolvimento de projetos. Os trabalhos t\u00eam [&hellip;]<\/p>\n","protected":false},"author":246,"featured_media":226880,"comment_status":"closed","ping_status":"closed","sticky":false,"template":"","format":"standard","meta":{"footnotes":""},"categories":[253,436,439],"tags":[],"class_list":["post-226879","post","type-post","status-publish","format-standard","has-post-thumbnail","hentry","category-cidade","category-destaque-da-semana","category-ultima-hora"],"_links":{"self":[{"href":"https:\/\/diarioregionaldigital.com.br\/index.php?rest_route=\/wp\/v2\/posts\/226879","targetHints":{"allow":["GET"]}}],"collection":[{"href":"https:\/\/diarioregionaldigital.com.br\/index.php?rest_route=\/wp\/v2\/posts"}],"about":[{"href":"https:\/\/diarioregionaldigital.com.br\/index.php?rest_route=\/wp\/v2\/types\/post"}],"author":[{"embeddable":true,"href":"https:\/\/diarioregionaldigital.com.br\/index.php?rest_route=\/wp\/v2\/users\/246"}],"replies":[{"embeddable":true,"href":"https:\/\/diarioregionaldigital.com.br\/index.php?rest_route=%2Fwp%2Fv2%2Fcomments&post=226879"}],"version-history":[{"count":1,"href":"https:\/\/diarioregionaldigital.com.br\/index.php?rest_route=\/wp\/v2\/posts\/226879\/revisions"}],"predecessor-version":[{"id":226881,"href":"https:\/\/diarioregionaldigital.com.br\/index.php?rest_route=\/wp\/v2\/posts\/226879\/revisions\/226881"}],"wp:featuredmedia":[{"embeddable":true,"href":"https:\/\/diarioregionaldigital.com.br\/index.php?rest_route=\/wp\/v2\/media\/226880"}],"wp:attachment":[{"href":"https:\/\/diarioregionaldigital.com.br\/index.php?rest_route=%2Fwp%2Fv2%2Fmedia&parent=226879"}],"wp:term":[{"taxonomy":"category","embeddable":true,"href":"https:\/\/diarioregionaldigital.com.br\/index.php?rest_route=%2Fwp%2Fv2%2Fcategories&post=226879"},{"taxonomy":"post_tag","embeddable":true,"href":"https:\/\/diarioregionaldigital.com.br\/index.php?rest_route=%2Fwp%2Fv2%2Ftags&post=226879"}],"curies":[{"name":"wp","href":"https:\/\/api.w.org\/{rel}","templated":true}]}}