{"id":226876,"date":"2025-02-17T19:34:40","date_gmt":"2025-02-17T22:34:40","guid":{"rendered":"https:\/\/diarioregionaldigital.com.br\/?p=226876"},"modified":"2025-02-17T19:34:40","modified_gmt":"2025-02-17T22:34:40","slug":"solenidade-marca-posse-da-nova-diretora-da-fundacao-museu-mariano-procopio","status":"publish","type":"post","link":"https:\/\/diarioregionaldigital.com.br\/?p=226876","title":{"rendered":"Solenidade marca posse da nova diretora da Funda\u00e7\u00e3o Museu Mariano Proc\u00f3pio"},"content":{"rendered":"<p>Segundo informa\u00e7\u00f5es do site da Prefeitura de Juiz de Fora (PJF), nesta segunda-feira (17), a prefeita Margarida Salom\u00e3o deu posse \u00e0 nova diretora da Funda\u00e7\u00e3o Museu Mariano Proc\u00f3pio (Mapro), Ana Maria Azeredo Werneck. Al\u00e9m da chefe do Executivo municipal, estiveram presentes o diretor-geral da Funalfa, Rog\u00e9rio de Freitas, e o presidente do Conselho dos Amigos do Museu, Carlos Eduardo Paletta, que compuseram a mesa de honra ao lado de Margarida, Ana Maria e da agora ex-diretora da Mapro, Maria L\u00facia Horta Ludolf de Mello.<\/p>\n<p>Tamb\u00e9m marcaram presen\u00e7a o secret\u00e1rio municipal de Turismo, Eduardo Crochet, o superintendente do Museu de Arte Moderna Murilo Mendes (Mamm),\u00a0Aloisio Arnaldo Nunes de Castro,\u00a0e outros integrantes do Conselho de Amigos do Museu.<\/p>\n<p>A prefeita Margarida Salom\u00e3o\u00a0parabenizou a ex-diretora Maria L\u00facia Mello,\u00a0expressando gratid\u00e3o e\u00a0destacando sua ousadia e vis\u00e3o ao reabrir as portas do museu para a\u00a0comunidade\u00a0e fortalecer sua relev\u00e2ncia no cen\u00e1rio cultural. Ela tamb\u00e9m anunciou as expectativas para a gest\u00e3o de Ana Maria Werneck \u00e0 frente do Museu Mariano Proc\u00f3pio, com \u00eanfase na necessidade de articula\u00e7\u00e3o com o munic\u00edpio de Belo Horizonte, com o governo de Minas Gerais e com o Museu Imperial de\u00a0Petr\u00f3polis.<\/p>\n<p>Foi ressaltado\u00a0o compromisso da\u00a0nova\u00a0gest\u00e3o com a continuidade do trabalho de excel\u00eancia iniciado por Maria L\u00facia e com a amplia\u00e7\u00e3o da influ\u00eancia e visibilidade do museu,\u00a0reafirmando-o, ainda mais, como um polo cultural fundamental para a regi\u00e3o.<\/p>\n","protected":false},"excerpt":{"rendered":"<p>Segundo informa\u00e7\u00f5es do site da Prefeitura de Juiz de Fora (PJF), nesta segunda-feira (17), a prefeita Margarida Salom\u00e3o deu posse \u00e0 nova diretora da Funda\u00e7\u00e3o Museu Mariano Proc\u00f3pio (Mapro), Ana Maria Azeredo Werneck. Al\u00e9m da chefe do Executivo municipal, estiveram presentes o diretor-geral da Funalfa, Rog\u00e9rio de Freitas, e o presidente do Conselho dos Amigos [&hellip;]<\/p>\n","protected":false},"author":246,"featured_media":226877,"comment_status":"closed","ping_status":"closed","sticky":false,"template":"","format":"standard","meta":{"footnotes":""},"categories":[253,436,439],"tags":[],"class_list":["post-226876","post","type-post","status-publish","format-standard","has-post-thumbnail","hentry","category-cidade","category-destaque-da-semana","category-ultima-hora"],"_links":{"self":[{"href":"https:\/\/diarioregionaldigital.com.br\/index.php?rest_route=\/wp\/v2\/posts\/226876","targetHints":{"allow":["GET"]}}],"collection":[{"href":"https:\/\/diarioregionaldigital.com.br\/index.php?rest_route=\/wp\/v2\/posts"}],"about":[{"href":"https:\/\/diarioregionaldigital.com.br\/index.php?rest_route=\/wp\/v2\/types\/post"}],"author":[{"embeddable":true,"href":"https:\/\/diarioregionaldigital.com.br\/index.php?rest_route=\/wp\/v2\/users\/246"}],"replies":[{"embeddable":true,"href":"https:\/\/diarioregionaldigital.com.br\/index.php?rest_route=%2Fwp%2Fv2%2Fcomments&post=226876"}],"version-history":[{"count":1,"href":"https:\/\/diarioregionaldigital.com.br\/index.php?rest_route=\/wp\/v2\/posts\/226876\/revisions"}],"predecessor-version":[{"id":226878,"href":"https:\/\/diarioregionaldigital.com.br\/index.php?rest_route=\/wp\/v2\/posts\/226876\/revisions\/226878"}],"wp:featuredmedia":[{"embeddable":true,"href":"https:\/\/diarioregionaldigital.com.br\/index.php?rest_route=\/wp\/v2\/media\/226877"}],"wp:attachment":[{"href":"https:\/\/diarioregionaldigital.com.br\/index.php?rest_route=%2Fwp%2Fv2%2Fmedia&parent=226876"}],"wp:term":[{"taxonomy":"category","embeddable":true,"href":"https:\/\/diarioregionaldigital.com.br\/index.php?rest_route=%2Fwp%2Fv2%2Fcategories&post=226876"},{"taxonomy":"post_tag","embeddable":true,"href":"https:\/\/diarioregionaldigital.com.br\/index.php?rest_route=%2Fwp%2Fv2%2Ftags&post=226876"}],"curies":[{"name":"wp","href":"https:\/\/api.w.org\/{rel}","templated":true}]}}