{"id":226873,"date":"2025-02-17T19:33:30","date_gmt":"2025-02-17T22:33:30","guid":{"rendered":"https:\/\/diarioregionaldigital.com.br\/?p=226873"},"modified":"2025-02-17T19:33:30","modified_gmt":"2025-02-17T22:33:30","slug":"primeiro-fim-de-semana-do-carnaval-jf-2025-mostra-alegria-seguranca-diversidade-e-inclusao","status":"publish","type":"post","link":"https:\/\/diarioregionaldigital.com.br\/?p=226873","title":{"rendered":"Primeiro fim de semana do Carnaval JF 2025 mostra alegria, seguran\u00e7a, diversidade e inclus\u00e3o"},"content":{"rendered":"<p>Segundo informa\u00e7\u00f5es do site da Prefeitura de Juiz de Fora (PJF), teve glitter, confete e serpentina. Teve repique, tambor e tamborim. Teve palco e teve ch\u00e3o de pra\u00e7a. Teve viaduto transformado em concentra\u00e7\u00e3o e avenida transformada em passarela. Teve \u00e1gua de gra\u00e7a, para beber e para se refrescar. Teve cores, um arco-\u00edris inteiro. Teve gente. Muita.<\/p>\n<p>O primeiro fim de semana do Carnaval JF 2025 mostrou a que veio \u2013 e veio para ser sucesso! \u2013, com cerca de 50 mil foli\u00f5es se reunindo nos Circuitos da Folia e em diversos bairros da cidade, segundo estimativa realizada pela Prefeitura de Juiz de Fora (PJF). As arenas oficiais, localizadas na Pra\u00e7a da Esta\u00e7\u00e3o e na Pra\u00e7a Ant\u00f4nio Carlos (PAC), receberam multid\u00f5es que dan\u00e7aram ao som de blocos de rua e atra\u00e7\u00f5es de todos os tipos. Mas n\u00e3o foi s\u00f3 nesses pontos que a festa aconteceu. Pra\u00e7as como a Menelick de Carvalho e a Ministrinho \u2013 \u00a0nos bairros Santa Helena e Jardim Gl\u00f3ria \u2013, bairros como Esplanada e Jardim Esperan\u00e7a e at\u00e9 o distrito de Ros\u00e1rio de Minas se transformaram em espa\u00e7os de celebra\u00e7\u00e3o e confraterniza\u00e7\u00e3o.<\/p>\n<p>Para o diretor-geral da Funda\u00e7\u00e3o Cultural Alfredo Ferreira Lage (Funalfa), Rog\u00e9rio de Freitas, o Carnaval de Juiz de Fora mostrou mais uma vez, nesses tr\u00eas primeiros dias de festa, seu potencial de atrair turistas e foli\u00f5es, com muita diversidade e alegria. Freitas tamb\u00e9m reiterou o compromisso da Funalfa e da PJF com a valoriza\u00e7\u00e3o da maior festa brasileira, bem como a promo\u00e7\u00e3o cont\u00ednua de eventos culturais que valorizem a diversidade e a cultura local.<\/p>\n<p>Nesse primeiro fim de semana, a folia foi para todas as idades, at\u00e9 nos palcos: da meninada do Bloquinho Catavento, que encantou na percuss\u00e3o, at\u00e9 o grande sambista e compositor\u00a0Armando Fernandes de Aguiar, o\u00a0Mam\u00e3o, que encerrou a noite de comigo como convidado especial do Ponto do Samba. A mistura de diferentes estilos e a integra\u00e7\u00e3o de diversas regi\u00f5es de Juiz de Fora fazem do Carnaval de 2025 um evento inclusivo, que une toda a cidade, proporcionando momentos inesquec\u00edveis para os foli\u00f5es e para todos que acompanham a festa nas ruas, pra\u00e7as e bairros.<\/p>\n<p>Al\u00e9m disso, o evento contou com excelente organiza\u00e7\u00e3o e seguran\u00e7a, garantindo que todos os participantes aproveitassem a festa com tranquilidade. A cidade mostrou que o Carnaval \u00e9 uma tradi\u00e7\u00e3o consolidada e que o esp\u00edrito de uni\u00e3o e alegria continua forte, ano ap\u00f3s ano. E ainda tem mais! O Carnaval JF 2025 segue com programa\u00e7\u00e3o intensa at\u00e9 dia 5 de mar\u00e7o, prometendo mais divers\u00e3o para todas as pessoas.<\/p>\n","protected":false},"excerpt":{"rendered":"<p>Segundo informa\u00e7\u00f5es do site da Prefeitura de Juiz de Fora (PJF), teve glitter, confete e serpentina. Teve repique, tambor e tamborim. Teve palco e teve ch\u00e3o de pra\u00e7a. Teve viaduto transformado em concentra\u00e7\u00e3o e avenida transformada em passarela. Teve \u00e1gua de gra\u00e7a, para beber e para se refrescar. Teve cores, um arco-\u00edris inteiro. Teve gente. [&hellip;]<\/p>\n","protected":false},"author":246,"featured_media":226874,"comment_status":"closed","ping_status":"closed","sticky":false,"template":"","format":"standard","meta":{"footnotes":""},"categories":[253,436,440,439],"tags":[],"class_list":["post-226873","post","type-post","status-publish","format-standard","has-post-thumbnail","hentry","category-cidade","category-destaque-da-semana","category-destaques-do-dia","category-ultima-hora"],"_links":{"self":[{"href":"https:\/\/diarioregionaldigital.com.br\/index.php?rest_route=\/wp\/v2\/posts\/226873","targetHints":{"allow":["GET"]}}],"collection":[{"href":"https:\/\/diarioregionaldigital.com.br\/index.php?rest_route=\/wp\/v2\/posts"}],"about":[{"href":"https:\/\/diarioregionaldigital.com.br\/index.php?rest_route=\/wp\/v2\/types\/post"}],"author":[{"embeddable":true,"href":"https:\/\/diarioregionaldigital.com.br\/index.php?rest_route=\/wp\/v2\/users\/246"}],"replies":[{"embeddable":true,"href":"https:\/\/diarioregionaldigital.com.br\/index.php?rest_route=%2Fwp%2Fv2%2Fcomments&post=226873"}],"version-history":[{"count":1,"href":"https:\/\/diarioregionaldigital.com.br\/index.php?rest_route=\/wp\/v2\/posts\/226873\/revisions"}],"predecessor-version":[{"id":226875,"href":"https:\/\/diarioregionaldigital.com.br\/index.php?rest_route=\/wp\/v2\/posts\/226873\/revisions\/226875"}],"wp:featuredmedia":[{"embeddable":true,"href":"https:\/\/diarioregionaldigital.com.br\/index.php?rest_route=\/wp\/v2\/media\/226874"}],"wp:attachment":[{"href":"https:\/\/diarioregionaldigital.com.br\/index.php?rest_route=%2Fwp%2Fv2%2Fmedia&parent=226873"}],"wp:term":[{"taxonomy":"category","embeddable":true,"href":"https:\/\/diarioregionaldigital.com.br\/index.php?rest_route=%2Fwp%2Fv2%2Fcategories&post=226873"},{"taxonomy":"post_tag","embeddable":true,"href":"https:\/\/diarioregionaldigital.com.br\/index.php?rest_route=%2Fwp%2Fv2%2Ftags&post=226873"}],"curies":[{"name":"wp","href":"https:\/\/api.w.org\/{rel}","templated":true}]}}