{"id":226867,"date":"2025-02-17T19:29:56","date_gmt":"2025-02-17T22:29:56","guid":{"rendered":"https:\/\/diarioregionaldigital.com.br\/?p=226867"},"modified":"2025-02-17T19:29:56","modified_gmt":"2025-02-17T22:29:56","slug":"joao-fonseca-e-campeao-do-atp-250-de-buenos-aires-ao-bater-argentino","status":"publish","type":"post","link":"https:\/\/diarioregionaldigital.com.br\/?p=226867","title":{"rendered":"Jo\u00e3o Fonseca \u00e9 campe\u00e3o do ATP 250 de Buenos Aires ao bater argentino"},"content":{"rendered":"<p>O tenista brasileiro Jo\u00e3o Fonseca, de 18 anos, coroou a campanha impec\u00e1vel no ATP 250 de Buenos Aires neste domingo (16), ao faturar o t\u00edtulo, o primeiro dele no circuito profissional. O carioca derrotou na final o anfitri\u00e3o Francisco Cerundolo, n\u00famero 1 da Argentina e 28\u00ba do mundo, por 2 sets a 0, parciais de 6\/4 e 7\/6 (1). O feito em Buenos Aires tornou Fonseca o brasileiro mais jovem a faturar um trof\u00e9u no circuito da Associa\u00e7\u00e3o de Tenistas Profissionais (ATP).<img decoding=\"async\" src=\"https:\/\/agenciabrasil.ebc.com.br\/ebc.png?id=1630600&amp;o=node\" \/><img decoding=\"async\" src=\"https:\/\/agenciabrasil.ebc.com.br\/ebc.gif?id=1630600&amp;o=node\" \/><\/p>\n<p>O tenista carioca iniciou o torneio na 99\u00aa posi\u00e7\u00e3o no ranking e ap\u00f3s a conquista neste domingo (16) galgou 31 posi\u00e7\u00f5es e j\u00e1 aparece em 68\u00ba lugar na pr\u00e9via do ranking mundial (<strong><a href=\"https:\/\/live-tennis.eu\/en\/atp-live-ranking\"><em>live ranking<\/em><\/a><\/strong>), cuja atualiza\u00e7\u00e3o ocorre a cada segunda-feira.<\/p>\n<p>Ao longo do ATP de Buenos Aires, Fonseca somou cinco vit\u00f3rias, quatro delas contra argentinos &#8211; Tom\u00e1s Martin Etchevery (44\u00ba no ranking), Frederico Coria (115\u00ba), Mariano Navone (47\u00ba) e Francisco Cerundolo (28\u00ba) &#8211; e outra contra o s\u00e9rvio Laslo Djere (112\u00ba).<\/p>\n<p>A comemora\u00e7\u00e3o pelo t\u00edtulo na capital argentina ter\u00e1 de ser adiada. Fonseca estreia na pr\u00f3xima ter\u00e7a-feira (17), no ATP 500 Rio Open, o maior torneio de t\u00eanis da Am\u00e9rica do Sul, no Rio de Janeiro. O carioca ter\u00e1 pela frente o franc\u00eas Alexandre Muller (58\u00ba no ranking).<\/p>\n<p>Tamb\u00e9m neste domingo (16) em Buenos Aires, a dupla do ga\u00facho Rafael Matos com o mineiro Marcelo Melo foi vice-campe\u00e3. Na final eles foram superados no tie-break pela parceria do argentino Guido Andreozzi com o franc\u00eas Theo Arribage, por 2 sets a 1 (7\/5, 4\/6 e 10\/7).<\/p>\n<p>Fonte: Ag\u00eancia Brasil<\/p>\n","protected":false},"excerpt":{"rendered":"<p>O tenista brasileiro Jo\u00e3o Fonseca, de 18 anos, coroou a campanha impec\u00e1vel no ATP 250 de Buenos Aires neste domingo (16), ao faturar o t\u00edtulo, o primeiro dele no circuito profissional. O carioca derrotou na final o anfitri\u00e3o Francisco Cerundolo, n\u00famero 1 da Argentina e 28\u00ba do mundo, por 2 sets a 0, parciais de [&hellip;]<\/p>\n","protected":false},"author":246,"featured_media":226868,"comment_status":"closed","ping_status":"closed","sticky":false,"template":"","format":"standard","meta":{"footnotes":""},"categories":[436,257,439],"tags":[],"class_list":["post-226867","post","type-post","status-publish","format-standard","has-post-thumbnail","hentry","category-destaque-da-semana","category-esporte","category-ultima-hora"],"_links":{"self":[{"href":"https:\/\/diarioregionaldigital.com.br\/index.php?rest_route=\/wp\/v2\/posts\/226867","targetHints":{"allow":["GET"]}}],"collection":[{"href":"https:\/\/diarioregionaldigital.com.br\/index.php?rest_route=\/wp\/v2\/posts"}],"about":[{"href":"https:\/\/diarioregionaldigital.com.br\/index.php?rest_route=\/wp\/v2\/types\/post"}],"author":[{"embeddable":true,"href":"https:\/\/diarioregionaldigital.com.br\/index.php?rest_route=\/wp\/v2\/users\/246"}],"replies":[{"embeddable":true,"href":"https:\/\/diarioregionaldigital.com.br\/index.php?rest_route=%2Fwp%2Fv2%2Fcomments&post=226867"}],"version-history":[{"count":1,"href":"https:\/\/diarioregionaldigital.com.br\/index.php?rest_route=\/wp\/v2\/posts\/226867\/revisions"}],"predecessor-version":[{"id":226869,"href":"https:\/\/diarioregionaldigital.com.br\/index.php?rest_route=\/wp\/v2\/posts\/226867\/revisions\/226869"}],"wp:featuredmedia":[{"embeddable":true,"href":"https:\/\/diarioregionaldigital.com.br\/index.php?rest_route=\/wp\/v2\/media\/226868"}],"wp:attachment":[{"href":"https:\/\/diarioregionaldigital.com.br\/index.php?rest_route=%2Fwp%2Fv2%2Fmedia&parent=226867"}],"wp:term":[{"taxonomy":"category","embeddable":true,"href":"https:\/\/diarioregionaldigital.com.br\/index.php?rest_route=%2Fwp%2Fv2%2Fcategories&post=226867"},{"taxonomy":"post_tag","embeddable":true,"href":"https:\/\/diarioregionaldigital.com.br\/index.php?rest_route=%2Fwp%2Fv2%2Ftags&post=226867"}],"curies":[{"name":"wp","href":"https:\/\/api.w.org\/{rel}","templated":true}]}}