{"id":226864,"date":"2025-02-17T19:27:21","date_gmt":"2025-02-17T22:27:21","guid":{"rendered":"https:\/\/diarioregionaldigital.com.br\/?p=226864"},"modified":"2025-02-17T19:27:21","modified_gmt":"2025-02-17T22:27:21","slug":"governo-de-minas-lanca-pcmg-por-elas-politica-para-reforcar-enfrentamento-a-violencia-contra-a-mulher","status":"publish","type":"post","link":"https:\/\/diarioregionaldigital.com.br\/?p=226864","title":{"rendered":"Governo de Minas lan\u00e7a PCMG por Elas, pol\u00edtica para refor\u00e7ar enfrentamento \u00e0 viol\u00eancia contra a mulher"},"content":{"rendered":"<p><main class=\"clear margin-md-bottom-3\"><\/p>\n<div class=\"clear \">\n<p>O\u00a0<a href=\"https:\/\/www.mg.gov.br\/\" target=\"_blank\" rel=\"noopener\">Governo de Minas<\/a>\u00a0e a\u00a0<a href=\"https:\/\/www.policiacivil.mg.gov.br\/\" target=\"_blank\" rel=\"noopener\">Pol\u00edcia Civil (PCMG)<\/a>\u00a0lan\u00e7aram, nesta segunda-feira (17\/2), o projeto PCMG por Elas, criado para otimizar as a\u00e7\u00f5es de acolhimento, preven\u00e7\u00e3o e enfrentamento da viol\u00eancia contra mulheres e meninas no estado.<\/p>\n<p>O governador Romeu Zema esteve no lan\u00e7amento da iniciativa com a chefe da Pol\u00edcia Civil de Minas Gerais, delegada-geral Let\u00edcia Gamboge, no Departamento Estadual de Investiga\u00e7\u00e3o, Orienta\u00e7\u00e3o e Prote\u00e7\u00e3o \u00e0 Fam\u00edlia (Defam), oficialmente inaugurado na nova sede, no bairro Barro Preto, em Belo Horizonte. O chefe do Executivo mineiro reiterou o compromisso do Estado no combate \u00e0 viol\u00eancia contra a mulher.<\/p>\n<table border=\"0\" cellspacing=\"1\" cellpadding=\"1\" align=\"center\">\n<tbody>\n<tr>\n<td colspan=\"5\"><img decoding=\"async\" src=\"https:\/\/www.agenciaminas.mg.gov.br\/ckeditor_assets\/pictures\/20949\/content_2_olho_topo.jpg\" alt=\"\" \/><\/td>\n<\/tr>\n<tr>\n<td><\/td>\n<td colspan=\"3\" rowspan=\"3\">\n<h1><strong>&#8220;Estamos aqui mais uma vez fazendo o nosso trabalho para garantir a seguran\u00e7a das mulheres. Vale lembrar que, no ano passado, tivemos queda nos \u00edndices de feminic\u00eddio. No que depender do meu governo, vamos fazer o poss\u00edvel para esse \u00edndice continuar caindo&#8221;, destacou Romeu Zema.<\/strong><\/h1>\n<\/td>\n<td><\/td>\n<\/tr>\n<tr>\n<td><\/td>\n<td><\/td>\n<\/tr>\n<tr>\n<td><\/td>\n<td><\/td>\n<\/tr>\n<tr>\n<td colspan=\"5\"><img decoding=\"async\" src=\"https:\/\/www.agenciaminas.mg.gov.br\/ckeditor_assets\/pictures\/20950\/content_2_olho_inferior.jpg\" alt=\"\" \/><\/td>\n<\/tr>\n<\/tbody>\n<\/table>\n<p>Os esfor\u00e7os integrados resultaram na redu\u00e7\u00e3o de 13,9% do n\u00famero de v\u00edtimas de feminic\u00eddio consumado em Minas, em 2024, na compara\u00e7\u00e3o com 2023 (caindo de 187 para 161 v\u00edtimas).\u00a0Nos comparativos de janeiro de 2023 e de 2024, a queda chegou a 21,42%. De janeiro a novembro de 2024, a\u00a0Pol\u00edcia Civil indiciou mais de 27 mil pessoas pela pr\u00e1tica de crimes de viol\u00eancia contra a mulher.<\/p>\n<p>Gerido pela Diretoria Estadual de Gest\u00e3o das Delegacias de Atendimento \u00e0 Mulher (Degdam) da Pol\u00edcia Civil, o PCMG por Elas pretende ampliar as pol\u00edticas planejadas e executadas pela institui\u00e7\u00e3o para todas as regi\u00f5es do estado, de forma sistematizada, de maneira alinhada \u00e0 Pol\u00edtica Nacional de Enfrentamento \u00e0 Viol\u00eancia contra as Mulheres.<\/p>\n<p><strong>Plant\u00e3o Lil\u00e1s<\/strong><\/p>\n<p>Minas Gerais conta com 70 Delegacias de Atendimento \u00e0 Mulher (Deam) em funcionamento no estado. O foco dessas unidades \u00e9 prestar o suporte \u00e0s mulheres v\u00edtimas de viol\u00eancia, incluindo casos de importuna\u00e7\u00e3o ofensiva, viol\u00eancia dom\u00e9stica e sexual.<\/p>\n<p>Entre as medidas anunciadas nesta segunda-feira est\u00e1 a\u00a0implanta\u00e7\u00e3o do Plant\u00e3o Lil\u00e1s, projeto da PCMG voltado para garantir atendimento humanizado e ininterrupto \u00e0s mulheres em situa\u00e7\u00e3o de viol\u00eancia dom\u00e9stica e familiar, nos dias e hor\u00e1rios em que n\u00e3o houver funcionamento da Deam local.<\/p>\n<p>Esses espa\u00e7os ser\u00e3o criados nas delegacias de plant\u00e3o do interior de Minas, onde as mulheres poder\u00e3o ser atendidas por videoconfer\u00eancia por uma equipe multidisciplinar especializada da Central Estadual do Plant\u00e3o Digital, na capital mineira.<\/p>\n<p>O programa PCMG Por Elas apresenta eixos de atua\u00e7\u00e3o com base em levantamentos de dados, execu\u00e7\u00e3o de projetos, al\u00e9m de monitoramento das a\u00e7\u00f5es institucionalizadas, de acordo com a chefe da Pol\u00edcia Civil de Minas Gerais.<\/p>\n<table border=\"0\" cellspacing=\"1\" cellpadding=\"1\" align=\"center\">\n<tbody>\n<tr>\n<td colspan=\"5\"><img decoding=\"async\" src=\"https:\/\/www.agenciaminas.mg.gov.br\/ckeditor_assets\/pictures\/20949\/content_2_olho_topo.jpg\" alt=\"\" \/><\/td>\n<\/tr>\n<tr>\n<td><\/td>\n<td colspan=\"3\" rowspan=\"3\">\n<h1><strong>&#8220;Nosso objetivo \u00e9 reunir todos os projetos institucionais voltados para o atendimento \u00e0 mulher v\u00edtima de viol\u00eancia e tamb\u00e9m otimizar o eixo de preven\u00e7\u00e3o a esse crime. Estamos trabalhando para que as mulheres possam ficar seguras e que se sintam ouvidas. E nisso tamb\u00e9m entra a inaugura\u00e7\u00e3o da nossa nova sede&#8221;, explicou a delegada-geral Let\u00edcia Gamboge.<\/strong><\/h1>\n<\/td>\n<td><\/td>\n<\/tr>\n<tr>\n<td><\/td>\n<td><\/td>\n<\/tr>\n<tr>\n<td><\/td>\n<td><\/td>\n<\/tr>\n<tr>\n<td colspan=\"5\"><img decoding=\"async\" src=\"https:\/\/www.agenciaminas.mg.gov.br\/ckeditor_assets\/pictures\/20950\/content_2_olho_inferior.jpg\" alt=\"\" \/><\/td>\n<\/tr>\n<\/tbody>\n<\/table>\n<p><strong>Nova sede<\/strong><\/p>\n<p>Desde janeiro, a nova sede do Defam funciona em um pr\u00e9dio de 13 andares, um audit\u00f3rio para 60 pessoas, e entradas separadas para a delegacia de plant\u00e3o e as unidades que atendem em hor\u00e1rio de expediente.<\/p>\n<p>Antes da mudan\u00e7a, as unidades do Defam estavam dispersas em im\u00f3veis distintos. Com a nova estrutura, foi poss\u00edvel centralizar quase todas em um \u00fanico espa\u00e7o, garantindo maior efici\u00eancia no atendimento e na gest\u00e3o de pessoal. A nova sede garante mais acessibilidade e conforto para os cidad\u00e3os atendidos e melhores condi\u00e7\u00f5es de trabalho para os servidores.<\/p>\n<p>O Defam \u00e9 composto pelas divis\u00f5es especializadas em Atendimento \u00e0 Mulher, ao Idoso e \u00e0 Pessoa com Defici\u00eancia e V\u00edtimas de Intoler\u00e2ncia (Demid) e em Orienta\u00e7\u00e3o e Prote\u00e7\u00e3o \u00e0 Crian\u00e7a e ao Adolescente (Dopcad). Dentro dessas divis\u00f5es, h\u00e1 unidades operacionais que desempenham um papel essencial no combate aos crimes que afetam diretamente as fam\u00edlias e os grupos vulner\u00e1veis.<\/p>\n<p>A Casa da Mulher Mineira (Barro Preto), a Delegacia de Plant\u00e3o Especializada de Investiga\u00e7\u00e3o de Ato Infracional \/ Centro Integrado de Atendimento ao Adolescente Autor de Ato Infracional (Centro) e a Delegacia Especializada de Prote\u00e7\u00e3o \u00e0 Crian\u00e7a e ao Adolescente (Carlos Prates) permanecem nos antigos endere\u00e7os.<\/p>\n<p>Fonte: Ag\u00eancia Minas<\/p>\n<\/div>\n<p><\/main><\/p>\n","protected":false},"excerpt":{"rendered":"<p>O\u00a0Governo de Minas\u00a0e a\u00a0Pol\u00edcia Civil (PCMG)\u00a0lan\u00e7aram, nesta segunda-feira (17\/2), o projeto PCMG por Elas, criado para otimizar as a\u00e7\u00f5es de acolhimento, preven\u00e7\u00e3o e enfrentamento da viol\u00eancia contra mulheres e meninas no estado. O governador Romeu Zema esteve no lan\u00e7amento da iniciativa com a chefe da Pol\u00edcia Civil de Minas Gerais, delegada-geral Let\u00edcia Gamboge, no Departamento [&hellip;]<\/p>\n","protected":false},"author":246,"featured_media":226865,"comment_status":"closed","ping_status":"closed","sticky":false,"template":"","format":"standard","meta":{"footnotes":""},"categories":[436,261,254,439],"tags":[],"class_list":["post-226864","post","type-post","status-publish","format-standard","has-post-thumbnail","hentry","category-destaque-da-semana","category-economia","category-politica","category-ultima-hora"],"_links":{"self":[{"href":"https:\/\/diarioregionaldigital.com.br\/index.php?rest_route=\/wp\/v2\/posts\/226864","targetHints":{"allow":["GET"]}}],"collection":[{"href":"https:\/\/diarioregionaldigital.com.br\/index.php?rest_route=\/wp\/v2\/posts"}],"about":[{"href":"https:\/\/diarioregionaldigital.com.br\/index.php?rest_route=\/wp\/v2\/types\/post"}],"author":[{"embeddable":true,"href":"https:\/\/diarioregionaldigital.com.br\/index.php?rest_route=\/wp\/v2\/users\/246"}],"replies":[{"embeddable":true,"href":"https:\/\/diarioregionaldigital.com.br\/index.php?rest_route=%2Fwp%2Fv2%2Fcomments&post=226864"}],"version-history":[{"count":1,"href":"https:\/\/diarioregionaldigital.com.br\/index.php?rest_route=\/wp\/v2\/posts\/226864\/revisions"}],"predecessor-version":[{"id":226866,"href":"https:\/\/diarioregionaldigital.com.br\/index.php?rest_route=\/wp\/v2\/posts\/226864\/revisions\/226866"}],"wp:featuredmedia":[{"embeddable":true,"href":"https:\/\/diarioregionaldigital.com.br\/index.php?rest_route=\/wp\/v2\/media\/226865"}],"wp:attachment":[{"href":"https:\/\/diarioregionaldigital.com.br\/index.php?rest_route=%2Fwp%2Fv2%2Fmedia&parent=226864"}],"wp:term":[{"taxonomy":"category","embeddable":true,"href":"https:\/\/diarioregionaldigital.com.br\/index.php?rest_route=%2Fwp%2Fv2%2Fcategories&post=226864"},{"taxonomy":"post_tag","embeddable":true,"href":"https:\/\/diarioregionaldigital.com.br\/index.php?rest_route=%2Fwp%2Fv2%2Ftags&post=226864"}],"curies":[{"name":"wp","href":"https:\/\/api.w.org\/{rel}","templated":true}]}}